{"id":162445,"date":"2020-06-17T13:56:58","date_gmt":"2020-06-17T16:56:58","guid":{"rendered":"https:\/\/diarioregionaldigital.com.br\/?p=162445"},"modified":"2020-06-17T13:56:58","modified_gmt":"2020-06-17T16:56:58","slug":"assaltante-tranca-funcionaria-dentro-do-banheiro-de-estabelecimento-no-jardim-gaucho","status":"publish","type":"post","link":"https:\/\/diarioregionaldigital.com.br\/?p=162445","title":{"rendered":"Assaltante tranca funcion\u00e1ria dentro do banheiro de estabelecimento no Jardim Ga\u00facho"},"content":{"rendered":"<p>Na manh\u00e3 de ter\u00e7a-feira (16), um indiv\u00edduo trajando m\u00e1scara e simulando estar com posse de arma de fogo, entrou em um estabelecimento comercial e anunciou o assalto. Durante o ato, o suspeito amea\u00e7ou a v\u00edtima, mulher de 35 anos, e em ato cont\u00ednuo, a conduziu at\u00e9 o banheiro do local e a trancou. Logo em seguida o indiv\u00edduo fugiu, levando consigo um telefone celular e quantia de aproximadamente R$ 100,00 em dinheiro.<\/p>\n<p>A v\u00edtima relatou \u00e0 Pol\u00edcia Militar (PM) que s\u00f3 conseguiu fazer o acionamento via 190 \u00e0s 10h40. Foram verificadas as imagens das c\u00e2meras de seguran\u00e7a do vizinho, por\u00e9m a qualidade estava prejudicada. Apesar do rastreamento, o autor n\u00e3o foi identificado.<\/p>\n","protected":false},"excerpt":{"rendered":"<p>Na manh\u00e3 de ter\u00e7a-feira (16), um indiv\u00edduo trajando m\u00e1scara e simulando estar com posse de arma de fogo, entrou em um estabelecimento comercial e anunciou o assalto. Durante o ato, o suspeito amea\u00e7ou a v\u00edtima, mulher de 35 anos, e em ato cont\u00ednuo, a conduziu at\u00e9 o banheiro do local e a trancou. Logo em [&hellip;]<\/p>\n","protected":false},"author":96,"featured_media":161269,"comment_status":"closed","ping_status":"closed","sticky":false,"template":"","format":"standard","meta":{"footnotes":""},"categories":[301,436,439],"tags":[],"class_list":["post-162445","post","type-post","status-publish","format-standard","has-post-thumbnail","hentry","category-artigos-policiais","category-destaque-da-semana","category-ultima-hora"],"_links":{"self":[{"href":"https:\/\/diarioregionaldigital.com.br\/index.php?rest_route=\/wp\/v2\/posts\/162445","targetHints":{"allow":["GET"]}}],"collection":[{"href":"https:\/\/diarioregionaldigital.com.br\/index.php?rest_route=\/wp\/v2\/posts"}],"about":[{"href":"https:\/\/diarioregionaldigital.com.br\/index.php?rest_route=\/wp\/v2\/types\/post"}],"author":[{"embeddable":true,"href":"https:\/\/diarioregionaldigital.com.br\/index.php?rest_route=\/wp\/v2\/users\/96"}],"replies":[{"embeddable":true,"href":"https:\/\/diarioregionaldigital.com.br\/index.php?rest_route=%2Fwp%2Fv2%2Fcomments&post=162445"}],"version-history":[{"count":0,"href":"https:\/\/diarioregionaldigital.com.br\/index.php?rest_route=\/wp\/v2\/posts\/162445\/revisions"}],"wp:featuredmedia":[{"embeddable":true,"href":"https:\/\/diarioregionaldigital.com.br\/index.php?rest_route=\/wp\/v2\/media\/161269"}],"wp:attachment":[{"href":"https:\/\/diarioregionaldigital.com.br\/index.php?rest_route=%2Fwp%2Fv2%2Fmedia&parent=162445"}],"wp:term":[{"taxonomy":"category","embeddable":true,"href":"https:\/\/diarioregionaldigital.com.br\/index.php?rest_route=%2Fwp%2Fv2%2Fcategories&post=162445"},{"taxonomy":"post_tag","embeddable":true,"href":"https:\/\/diarioregionaldigital.com.br\/index.php?rest_route=%2Fwp%2Fv2%2Ftags&post=162445"}],"curies":[{"name":"wp","href":"https:\/\/api.w.org\/{rel}","templated":true}]}}