{"id":162443,"date":"2020-06-17T13:51:05","date_gmt":"2020-06-17T16:51:05","guid":{"rendered":"https:\/\/diarioregionaldigital.com.br\/?p=162443"},"modified":"2020-06-17T13:51:05","modified_gmt":"2020-06-17T16:51:05","slug":"farmacia-e-assaltada-no-mariano-procopio","status":"publish","type":"post","link":"https:\/\/diarioregionaldigital.com.br\/?p=162443","title":{"rendered":"Farm\u00e1cia \u00e9 assaltada no Mariano Proc\u00f3pio"},"content":{"rendered":"<p>Uma farm\u00e1cia foi assaltada na noite de ter\u00e7a-feira (16), no Bairro Mariano Proc\u00f3pio (Regi\u00e3o Central) em Juiz de Fora. Em relatos \u00e0 Pol\u00edcia Militar (PM), a v\u00edtima diz que o autor entrou no estabelecimento, simulando estar armado e anunciou o roubo. O infrator levou uma quantia de R$ 40,00 e fugiu a p\u00e9 do local. Segundo a v\u00edtima, o assaltante aparenta ter aproximadamente 19 anos de idade e tinha tatuagem pr\u00f3ximo a m\u00e3o direita. A PM realizou rastreamento mas o autor n\u00e3o foi encontrado.<\/p>\n","protected":false},"excerpt":{"rendered":"<p>Uma farm\u00e1cia foi assaltada na noite de ter\u00e7a-feira (16), no Bairro Mariano Proc\u00f3pio (Regi\u00e3o Central) em Juiz de Fora. Em relatos \u00e0 Pol\u00edcia Militar (PM), a v\u00edtima diz que o autor entrou no estabelecimento, simulando estar armado e anunciou o roubo. O infrator levou uma quantia de R$ 40,00 e fugiu a p\u00e9 do local. [&hellip;]<\/p>\n","protected":false},"author":96,"featured_media":161269,"comment_status":"closed","ping_status":"closed","sticky":false,"template":"","format":"standard","meta":{"footnotes":""},"categories":[301,436,439],"tags":[],"class_list":["post-162443","post","type-post","status-publish","format-standard","has-post-thumbnail","hentry","category-artigos-policiais","category-destaque-da-semana","category-ultima-hora"],"_links":{"self":[{"href":"https:\/\/diarioregionaldigital.com.br\/index.php?rest_route=\/wp\/v2\/posts\/162443","targetHints":{"allow":["GET"]}}],"collection":[{"href":"https:\/\/diarioregionaldigital.com.br\/index.php?rest_route=\/wp\/v2\/posts"}],"about":[{"href":"https:\/\/diarioregionaldigital.com.br\/index.php?rest_route=\/wp\/v2\/types\/post"}],"author":[{"embeddable":true,"href":"https:\/\/diarioregionaldigital.com.br\/index.php?rest_route=\/wp\/v2\/users\/96"}],"replies":[{"embeddable":true,"href":"https:\/\/diarioregionaldigital.com.br\/index.php?rest_route=%2Fwp%2Fv2%2Fcomments&post=162443"}],"version-history":[{"count":0,"href":"https:\/\/diarioregionaldigital.com.br\/index.php?rest_route=\/wp\/v2\/posts\/162443\/revisions"}],"wp:featuredmedia":[{"embeddable":true,"href":"https:\/\/diarioregionaldigital.com.br\/index.php?rest_route=\/wp\/v2\/media\/161269"}],"wp:attachment":[{"href":"https:\/\/diarioregionaldigital.com.br\/index.php?rest_route=%2Fwp%2Fv2%2Fmedia&parent=162443"}],"wp:term":[{"taxonomy":"category","embeddable":true,"href":"https:\/\/diarioregionaldigital.com.br\/index.php?rest_route=%2Fwp%2Fv2%2Fcategories&post=162443"},{"taxonomy":"post_tag","embeddable":true,"href":"https:\/\/diarioregionaldigital.com.br\/index.php?rest_route=%2Fwp%2Fv2%2Ftags&post=162443"}],"curies":[{"name":"wp","href":"https:\/\/api.w.org\/{rel}","templated":true}]}}