{"id":162440,"date":"2020-06-17T13:43:57","date_gmt":"2020-06-17T16:43:57","guid":{"rendered":"https:\/\/diarioregionaldigital.com.br\/?p=162440"},"modified":"2020-06-17T13:43:57","modified_gmt":"2020-06-17T16:43:57","slug":"pm-encontra-fabrica-de-producao-de-linha-chilena","status":"publish","type":"post","link":"https:\/\/diarioregionaldigital.com.br\/?p=162440","title":{"rendered":"PM encontra f\u00e1brica de produ\u00e7\u00e3o de linha chilena"},"content":{"rendered":"<p><span style=\"font-weight: 400;\">A Pol\u00edcia Militar (PM), recebeu den\u00fancia a respeito de um local que estaria produzindo linha chilena, no Bairro Tup\u00e3 (Regi\u00e3o Oeste), na tarde de ter\u00e7a-feira (16) em Juiz de Fora. Com informa\u00e7\u00f5es em m\u00e3os, os policiais compareceram ao local e foram atendidos por um morador, homem de 34 anos, que se identificou como morador e propriet\u00e1rio do im\u00f3vel.\u00a0<\/span><\/p>\n<p><span style=\"font-weight: 400;\">Em conversa com os militares, o indiv\u00edduo confirmou que o local \u00e9 utilizado para produzir linha chilena. Durante rastreamentos, a PM encontrou materiais tais como m\u00e1quinas de ind\u00fastria t\u00eaxtil adaptadas, um <\/span><span style=\"font-weight: 400;\">saco de 25Kg com cola, 208 carret\u00e9is prontos para a comercializa\u00e7\u00e3o, garrafas tipo pet contendo resina, tr\u00eas baldes contendo \u00f3xido de alum\u00ednio, cinco roletes adaptados com rodas de bicicleta para armazenar linha pronta, duas m\u00e1quinas adaptadas para enrolar carretel e duas m\u00e1quinas para rebobinar linhas.<\/span><\/p>\n<p><span style=\"font-weight: 400;\">O maquin\u00e1rio utilizado no local ficou sob responsabilidade de um outro indiv\u00edduo, homem de 32 anos, na condi\u00e7\u00e3o de Deposit\u00e1rio Fiel. A per\u00edcia compareceu ao local e realizou os trabalhos de praxe.<\/span><\/p>\n<p><span style=\"font-weight: 400;\">Diante dos fatos o dono da f\u00e1brica foi preso em flagrante e encaminhado para a Delegacia, junto com os materiais apreendidos, para devidas provid\u00eancias.<\/span><\/p>\n","protected":false},"excerpt":{"rendered":"<p>A Pol\u00edcia Militar (PM), recebeu den\u00fancia a respeito de um local que estaria produzindo linha chilena, no Bairro Tup\u00e3 (Regi\u00e3o Oeste), na tarde de ter\u00e7a-feira (16) em Juiz de Fora. Com informa\u00e7\u00f5es em m\u00e3os, os policiais compareceram ao local e foram atendidos por um morador, homem de 34 anos, que se identificou como morador e [&hellip;]<\/p>\n","protected":false},"author":96,"featured_media":162441,"comment_status":"closed","ping_status":"closed","sticky":false,"template":"","format":"standard","meta":{"footnotes":""},"categories":[301,436,439],"tags":[],"class_list":["post-162440","post","type-post","status-publish","format-standard","has-post-thumbnail","hentry","category-artigos-policiais","category-destaque-da-semana","category-ultima-hora"],"_links":{"self":[{"href":"https:\/\/diarioregionaldigital.com.br\/index.php?rest_route=\/wp\/v2\/posts\/162440","targetHints":{"allow":["GET"]}}],"collection":[{"href":"https:\/\/diarioregionaldigital.com.br\/index.php?rest_route=\/wp\/v2\/posts"}],"about":[{"href":"https:\/\/diarioregionaldigital.com.br\/index.php?rest_route=\/wp\/v2\/types\/post"}],"author":[{"embeddable":true,"href":"https:\/\/diarioregionaldigital.com.br\/index.php?rest_route=\/wp\/v2\/users\/96"}],"replies":[{"embeddable":true,"href":"https:\/\/diarioregionaldigital.com.br\/index.php?rest_route=%2Fwp%2Fv2%2Fcomments&post=162440"}],"version-history":[{"count":0,"href":"https:\/\/diarioregionaldigital.com.br\/index.php?rest_route=\/wp\/v2\/posts\/162440\/revisions"}],"wp:featuredmedia":[{"embeddable":true,"href":"https:\/\/diarioregionaldigital.com.br\/index.php?rest_route=\/wp\/v2\/media\/162441"}],"wp:attachment":[{"href":"https:\/\/diarioregionaldigital.com.br\/index.php?rest_route=%2Fwp%2Fv2%2Fmedia&parent=162440"}],"wp:term":[{"taxonomy":"category","embeddable":true,"href":"https:\/\/diarioregionaldigital.com.br\/index.php?rest_route=%2Fwp%2Fv2%2Fcategories&post=162440"},{"taxonomy":"post_tag","embeddable":true,"href":"https:\/\/diarioregionaldigital.com.br\/index.php?rest_route=%2Fwp%2Fv2%2Ftags&post=162440"}],"curies":[{"name":"wp","href":"https:\/\/api.w.org\/{rel}","templated":true}]}}