{"id":162437,"date":"2020-06-17T13:30:36","date_gmt":"2020-06-17T16:30:36","guid":{"rendered":"https:\/\/diarioregionaldigital.com.br\/?p=162437"},"modified":"2020-06-17T13:30:36","modified_gmt":"2020-06-17T16:30:36","slug":"juiz-de-fora-segue-abaixo-da-meta-de-vacinacao-contra-a-gripe-em-criancas-e-gestantes","status":"publish","type":"post","link":"https:\/\/diarioregionaldigital.com.br\/?p=162437","title":{"rendered":"Juiz de Fora segue abaixo da meta de vacina\u00e7\u00e3o contra a Gripe em crian\u00e7as e gestantes"},"content":{"rendered":"<p><span style=\"font-weight: 400;\">A Secretaria de Sa\u00fade (SS) da Prefeitura de Juiz de Fora (PJF), informa que a campanha de vacina\u00e7\u00e3o contra a Gripe, segue abaixo da meta para crian\u00e7as e gestantes. Mesmo com a prorroga\u00e7\u00e3o da campanha para o dia 30 deste m\u00eas, o \u00edndice por parte de crian\u00e7as (47,54%), gestantes (49,32%) e cidad\u00e3os com idade entre 55 e 59 anos (48,14) segue abaixo do \u00edndice de procura.<\/span><\/p>\n<p><span style=\"font-weight: 400;\">Conforme o Setor de Imuniza\u00e7\u00e3o, \u00e9 necess\u00e1rio aplicar 17.322 doses para crian\u00e7as, 2.379 para o grupo de gestantes e 14.961 para cidad\u00e3os com idade entre 55 e 59 anos. Ou seja, 34.662 pessoas ainda n\u00e3o foram vacinadas.\u00a0<\/span><\/p>\n<p><span style=\"font-weight: 400;\">A vacina est\u00e1 dispon\u00edvel de segunda a sexta-feira nas 63 unidades b\u00e1sicas de Sa\u00fade (UBSs), Pronto Atendimento Marechal (PAM) e Departamento de Sa\u00fade da Mulher, Crian\u00e7a e Adolescente (DSMCA).<\/span><\/p>\n<p><span style=\"font-weight: 400;\">Segundo a SS, a meta de cobertura (m\u00ednimo de 90%) j\u00e1 foi atingida em idosos (116,91%) e profissionais de sa\u00fade (113,92%). Neste p\u00fablico foram aplicadas 83.599 e 25.959 doses, respectivamente. Em pu\u00e9rperas (at\u00e9 45 dias p\u00f3s-parto), 71,11% (549). At\u00e9 o momento, Juiz de Fora registra 87,91% de cobertura total, que leva em considera\u00e7\u00e3o todos os grupos priorit\u00e1rios.<\/span><\/p>\n<p><span style=\"font-weight: 400;\">A imuniza\u00e7\u00e3o ofertada \u00e9 a trivalente, que protege contra os tr\u00eas subtipos do influenza: H1N1, H3N2 e B. No entanto, n\u00e3o imuniza contra a covid-19, doen\u00e7a causada pelo coronav\u00edrus.<\/span><\/p>\n<p><b>Hor\u00e1rios de vacina\u00e7\u00e3o, de segunda a sexta-feira<\/b><\/p>\n<p><b>UBSs:<\/b><span style=\"font-weight: 400;\"> 8 horas \u00e0s 10h30 e 13 horas \u00e0s 16h30<\/span><\/p>\n<p><b>DSMCA:<\/b><span style=\"font-weight: 400;\"> 8h30 \u00e0s 15h30, na Rua S\u00e3o Sebasti\u00e3o, 772, Centro. Neste posto, a vacina est\u00e1 dispon\u00edvel somente para crian\u00e7as (seis meses a menores de seis anos), gestantes e pu\u00e9rperas<\/span><\/p>\n<p><b>PAM Marechal:<\/b><span style=\"font-weight: 400;\"> 8 horas \u00e0s 16h30<\/span><\/p>\n","protected":false},"excerpt":{"rendered":"<p>A Secretaria de Sa\u00fade (SS) da Prefeitura de Juiz de Fora (PJF), informa que a campanha de vacina\u00e7\u00e3o contra a Gripe, segue abaixo da meta para crian\u00e7as e gestantes. Mesmo com a prorroga\u00e7\u00e3o da campanha para o dia 30 deste m\u00eas, o \u00edndice por parte de crian\u00e7as (47,54%), gestantes (49,32%) e cidad\u00e3os com idade entre [&hellip;]<\/p>\n","protected":false},"author":96,"featured_media":162438,"comment_status":"closed","ping_status":"closed","sticky":false,"template":"","format":"standard","meta":{"footnotes":""},"categories":[253,436,439],"tags":[],"class_list":["post-162437","post","type-post","status-publish","format-standard","has-post-thumbnail","hentry","category-cidade","category-destaque-da-semana","category-ultima-hora"],"_links":{"self":[{"href":"https:\/\/diarioregionaldigital.com.br\/index.php?rest_route=\/wp\/v2\/posts\/162437","targetHints":{"allow":["GET"]}}],"collection":[{"href":"https:\/\/diarioregionaldigital.com.br\/index.php?rest_route=\/wp\/v2\/posts"}],"about":[{"href":"https:\/\/diarioregionaldigital.com.br\/index.php?rest_route=\/wp\/v2\/types\/post"}],"author":[{"embeddable":true,"href":"https:\/\/diarioregionaldigital.com.br\/index.php?rest_route=\/wp\/v2\/users\/96"}],"replies":[{"embeddable":true,"href":"https:\/\/diarioregionaldigital.com.br\/index.php?rest_route=%2Fwp%2Fv2%2Fcomments&post=162437"}],"version-history":[{"count":0,"href":"https:\/\/diarioregionaldigital.com.br\/index.php?rest_route=\/wp\/v2\/posts\/162437\/revisions"}],"wp:featuredmedia":[{"embeddable":true,"href":"https:\/\/diarioregionaldigital.com.br\/index.php?rest_route=\/wp\/v2\/media\/162438"}],"wp:attachment":[{"href":"https:\/\/diarioregionaldigital.com.br\/index.php?rest_route=%2Fwp%2Fv2%2Fmedia&parent=162437"}],"wp:term":[{"taxonomy":"category","embeddable":true,"href":"https:\/\/diarioregionaldigital.com.br\/index.php?rest_route=%2Fwp%2Fv2%2Fcategories&post=162437"},{"taxonomy":"post_tag","embeddable":true,"href":"https:\/\/diarioregionaldigital.com.br\/index.php?rest_route=%2Fwp%2Fv2%2Ftags&post=162437"}],"curies":[{"name":"wp","href":"https:\/\/api.w.org\/{rel}","templated":true}]}}