{"id":162434,"date":"2020-06-17T13:07:26","date_gmt":"2020-06-17T16:07:26","guid":{"rendered":"https:\/\/diarioregionaldigital.com.br\/?p=162434"},"modified":"2020-06-17T13:07:26","modified_gmt":"2020-06-17T16:07:26","slug":"laboratorios-da-ufjf-entregam-mais-de-mil-resultados-de-coronavirus-para-pjf","status":"publish","type":"post","link":"https:\/\/diarioregionaldigital.com.br\/?p=162434","title":{"rendered":"Laborat\u00f3rios da UFJF entregam mais de mil resultados de Coronav\u00edrus para PJF"},"content":{"rendered":"<p><span style=\"font-weight: 400;\">Os laborat\u00f3rios do Instituto de Ci\u00eancias Biol\u00f3gicas e da Faculdade de Farm\u00e1cia da Universidade Federal de Juiz de Fora (UFJF), j\u00e1 entregaram um total de 1.212 resultados referentes aos testes de Coronav\u00edrus para o Departamento de Vigil\u00e2ncia Epidemiol\u00f3gica e Ambiental (Dvea) da Prefeitura de Juiz de Fora (PJF). Ao todo, 250 resultados deram positivo para a doen\u00e7a.<\/span><\/p>\n<p><span style=\"font-weight: 400;\">Os testes que v\u00eam sendo feitos em parceria entre a UFJF com a PJF, desde o final do m\u00eas de abril, s\u00e3o feitos em profissionais de sa\u00fade sintom\u00e1tico, entre o terceiro e o d\u00e9cimo dia de sintomas; todos os pacientes internados em \u201cleitos covid\u201d pactuados com o Munic\u00edpio; os atendidos na aten\u00e7\u00e3o b\u00e1sica, em situa\u00e7\u00e3o de vulnerabilidade (acima de 65 anos, cuidadores de idosos, diab\u00e9ticos, hipertensos descompensados e obesos); e servidores da seguran\u00e7a p\u00fablica, Departamento Municipal de Limpeza Urbana (Demlurb) e Companhia de Saneamento Municipal (Cesama).<\/span><\/p>\n<p><b>Distribui\u00e7\u00e3o dos casos<\/b><\/p>\n<p><span style=\"font-weight: 400;\">Conforme o boletim epidemiol\u00f3gico divulgado pela PJF, at\u00e9 o boletim de ter\u00e7a-feira (17), os casos confirmados de Coronav\u00edrus por faixa et\u00e1ria e regi\u00f5es do munic\u00edpio com maior n\u00famero de casos, est\u00e3o distribu\u00eddos da seguinte forma:<\/span><\/p>\n<p><b>Faixa et\u00e1ria:<\/b><\/p>\n<p><span style=\"font-weight: 400;\">&#8211;<\/span><span style=\"font-weight: 400;\"> 3 casos em beb\u00eas com at\u00e9 um ano (0,41%)<\/span><\/p>\n<p><span style=\"font-weight: 400;\">&#8211; 18 em crian\u00e7as de um a nove anos (2,03%)<\/span><\/p>\n<p><span style=\"font-weight: 400;\">&#8211; 16 em adolescentes de 10 a 19 anos (1,80%)<\/span><\/p>\n<p><span style=\"font-weight: 400;\">&#8211; 141 em jovens com 20 a 29 anos (15,95%)<\/span><\/p>\n<p><span style=\"font-weight: 400;\">&#8211; 232 em adultos com 30 a 39 anos (26,24%)<\/span><\/p>\n<p><span style=\"font-weight: 400;\">&#8211; 174 entre 40 e 49 anos (19,68%)<\/span><\/p>\n<p><span style=\"font-weight: 400;\">&#8211; 136 entre 50 e 59 anos (15,38%)<\/span><\/p>\n<p><span style=\"font-weight: 400;\">&#8211; 164 idosos (18,55%)<\/span><\/p>\n<p><b>Regi\u00f5es:<\/b><\/p>\n<p><span style=\"font-weight: 400;\">&#8211; Centro \u2013 72<\/span><\/p>\n<p><span style=\"font-weight: 400;\">&#8211; S\u00e3o Mateus \u2013 46<\/span><\/p>\n<p><span style=\"font-weight: 400;\">&#8211; S\u00e3o Pedro \u2013 32<\/span><\/p>\n<p><span style=\"font-weight: 400;\">&#8211; Bom Pastor \u2013 22<\/span><\/p>\n<p><span style=\"font-weight: 400;\">&#8211; Alto dos Passos \u2013 22<\/span><\/p>\n<p><span style=\"font-weight: 400;\">&#8211; Santa Helena &#8211; 18<\/span><\/p>\n<p><span style=\"font-weight: 400;\">&#8211; Cascatinha \u2013 15<\/span><\/p>\n<p><span style=\"font-weight: 400;\">&#8211; Granville \u2013 14<\/span><\/p>\n<p><span style=\"font-weight: 400;\">&#8211; Santa Luzia &#8211; 13<\/span><\/p>\n<p><span style=\"font-weight: 400;\">&#8211; Estrela Sul \u2013 13<\/span><\/p>\n<p>&nbsp;<\/p>\n","protected":false},"excerpt":{"rendered":"<p>Os laborat\u00f3rios do Instituto de Ci\u00eancias Biol\u00f3gicas e da Faculdade de Farm\u00e1cia da Universidade Federal de Juiz de Fora (UFJF), j\u00e1 entregaram um total de 1.212 resultados referentes aos testes de Coronav\u00edrus para o Departamento de Vigil\u00e2ncia Epidemiol\u00f3gica e Ambiental (Dvea) da Prefeitura de Juiz de Fora (PJF). Ao todo, 250 resultados deram positivo para [&hellip;]<\/p>\n","protected":false},"author":96,"featured_media":162435,"comment_status":"closed","ping_status":"closed","sticky":false,"template":"","format":"standard","meta":{"footnotes":""},"categories":[253,436,440,439],"tags":[],"class_list":["post-162434","post","type-post","status-publish","format-standard","has-post-thumbnail","hentry","category-cidade","category-destaque-da-semana","category-destaques-do-dia","category-ultima-hora"],"_links":{"self":[{"href":"https:\/\/diarioregionaldigital.com.br\/index.php?rest_route=\/wp\/v2\/posts\/162434","targetHints":{"allow":["GET"]}}],"collection":[{"href":"https:\/\/diarioregionaldigital.com.br\/index.php?rest_route=\/wp\/v2\/posts"}],"about":[{"href":"https:\/\/diarioregionaldigital.com.br\/index.php?rest_route=\/wp\/v2\/types\/post"}],"author":[{"embeddable":true,"href":"https:\/\/diarioregionaldigital.com.br\/index.php?rest_route=\/wp\/v2\/users\/96"}],"replies":[{"embeddable":true,"href":"https:\/\/diarioregionaldigital.com.br\/index.php?rest_route=%2Fwp%2Fv2%2Fcomments&post=162434"}],"version-history":[{"count":0,"href":"https:\/\/diarioregionaldigital.com.br\/index.php?rest_route=\/wp\/v2\/posts\/162434\/revisions"}],"wp:featuredmedia":[{"embeddable":true,"href":"https:\/\/diarioregionaldigital.com.br\/index.php?rest_route=\/wp\/v2\/media\/162435"}],"wp:attachment":[{"href":"https:\/\/diarioregionaldigital.com.br\/index.php?rest_route=%2Fwp%2Fv2%2Fmedia&parent=162434"}],"wp:term":[{"taxonomy":"category","embeddable":true,"href":"https:\/\/diarioregionaldigital.com.br\/index.php?rest_route=%2Fwp%2Fv2%2Fcategories&post=162434"},{"taxonomy":"post_tag","embeddable":true,"href":"https:\/\/diarioregionaldigital.com.br\/index.php?rest_route=%2Fwp%2Fv2%2Ftags&post=162434"}],"curies":[{"name":"wp","href":"https:\/\/api.w.org\/{rel}","templated":true}]}}