{"id":162431,"date":"2020-06-17T11:01:43","date_gmt":"2020-06-17T14:01:43","guid":{"rendered":"https:\/\/diarioregionaldigital.com.br\/?p=162431"},"modified":"2020-06-17T11:01:43","modified_gmt":"2020-06-17T14:01:43","slug":"criacao-de-hospitais-de-campanha-tem-criterios-definidos-pelo-governo","status":"publish","type":"post","link":"https:\/\/diarioregionaldigital.com.br\/?p=162431","title":{"rendered":"Cria\u00e7\u00e3o de hospitais de campanha tem crit\u00e9rios definidos pelo governo"},"content":{"rendered":"<p><span style=\"font-weight: 400;\">O Minist\u00e9rio da Sa\u00fade definiu os crit\u00e9rios t\u00e9cnicos para a implanta\u00e7\u00e3o de unidades de sa\u00fade tempor\u00e1ria para assist\u00eancia hospitalar, os hospitais de campanha, para atendimento aos pacientes com covid-19. A Portaria n\u00ba 1.514\/2020 foi publicada na ter\u00e7a-feira (16) No <\/span><i><span style=\"font-weight: 400;\">Di\u00e1rio Oficial da Uni\u00e3o<\/span><\/i><span style=\"font-weight: 400;\">.<\/span><\/p>\n<p><span style=\"font-weight: 400;\">De acordo com o documento, as unidades devem funcionar com o acesso regulado, voltadas para a interna\u00e7\u00e3o de pacientes com sintomas respirat\u00f3rios de baixa e m\u00e9dia complexidade, podendo funcionar como retaguarda cl\u00ednica para hospitais permanentes que tenham unidade de terapia intensiva (UTI) e sejam definidas como refer\u00eancia para tratamento de covid-19.<\/span><\/p>\n<p><span style=\"font-weight: 400;\">A implanta\u00e7\u00e3o dos hospitais de campanha ser\u00e1 de responsabilidade dos estados, Distrito Federal e munic\u00edpios. A constru\u00e7\u00e3o das unidades deve ser uma das estrat\u00e9gias de amplia\u00e7\u00e3o e organiza\u00e7\u00e3o da oferta de leitos e dever\u00e1 fazer parte dos planos de conting\u00eancia elaborados pelos gestores locais.<\/span><\/p>\n<p><span style=\"font-weight: 400;\">De acordo com as orienta\u00e7\u00f5es, as unidades tempor\u00e1rias devem ser implantadas em anexo a unidades de sa\u00fade hospitalares, se utilizar de equipamentos urbanos, como est\u00e1dios de futebol ou centros de conven\u00e7\u00f5es, por exemplo, ou de qualquer estrutura existente que o comporte, readequado para o atendimento aos pacientes.<\/span><\/p>\n<p><span style=\"font-weight: 400;\">Os hospitais de campanha podem ser estruturados de duas formas: como uma unidade de interna\u00e7\u00e3o cl\u00ednica, para pacientes com sintomas respirat\u00f3rios de baixa complexidade, e como unidade de suporte ventilat\u00f3rio pulmonar, para tratamento dos casos em que o paciente apresente piora do quadro respirat\u00f3rio, necessitando de suporte n\u00e3o invasivo e invasivo.<\/span><\/p>\n<p><span style=\"font-weight: 400;\">A portaria orienta ainda que deve ser utilizada a propor\u00e7\u00e3o de dez leitos de suporte ventilat\u00f3rio pulmonar para cada 40 leitos de interna\u00e7\u00e3o cl\u00ednica. Entretanto, o n\u00famero de leitos de cada hospital tempor\u00e1rio poder\u00e1 variar de acordo com o seu tamanho e os crit\u00e9rios epidemiol\u00f3gicos.<\/span><\/p>\n<p><span style=\"font-weight: 400;\">De acordo com o Minist\u00e9rio da Sa\u00fade, os leitos de suporte ventilat\u00f3rio pulmonar ter\u00e3o habilita\u00e7\u00e3o tempor\u00e1ria por 30 dias, e o governo pagar\u00e1, a t\u00edtulo de custeio, uma di\u00e1ria de R$ 467,06, em parcela \u00fanica.<\/span><\/p>\n<p><span style=\"font-weight: 400;\">Antes de optar pelo hospital de campanha, os gestores de sa\u00fade locais devem priorizar a estrutura\u00e7\u00e3o e amplia\u00e7\u00e3o de leitos cl\u00ednicos e de UTI em unidades hospitalares permanentes. Al\u00e9m disso, devem dedicar uma unidade hospitalar existente na rede para atendimento exclusivo de casos de covid-19 e analisar a contrata\u00e7\u00e3o de leitos na rede privada.<\/span><\/p>\n<p><strong>Fonte:<\/strong> Ag\u00eancia Brasil<\/p>\n","protected":false},"excerpt":{"rendered":"<p>O Minist\u00e9rio da Sa\u00fade definiu os crit\u00e9rios t\u00e9cnicos para a implanta\u00e7\u00e3o de unidades de sa\u00fade tempor\u00e1ria para assist\u00eancia hospitalar, os hospitais de campanha, para atendimento aos pacientes com covid-19. A Portaria n\u00ba 1.514\/2020 foi publicada na ter\u00e7a-feira (16) No Di\u00e1rio Oficial da Uni\u00e3o. De acordo com o documento, as unidades devem funcionar com o acesso [&hellip;]<\/p>\n","protected":false},"author":96,"featured_media":162432,"comment_status":"closed","ping_status":"closed","sticky":false,"template":"","format":"standard","meta":{"footnotes":""},"categories":[436,254,439],"tags":[],"class_list":["post-162431","post","type-post","status-publish","format-standard","has-post-thumbnail","hentry","category-destaque-da-semana","category-politica","category-ultima-hora"],"_links":{"self":[{"href":"https:\/\/diarioregionaldigital.com.br\/index.php?rest_route=\/wp\/v2\/posts\/162431","targetHints":{"allow":["GET"]}}],"collection":[{"href":"https:\/\/diarioregionaldigital.com.br\/index.php?rest_route=\/wp\/v2\/posts"}],"about":[{"href":"https:\/\/diarioregionaldigital.com.br\/index.php?rest_route=\/wp\/v2\/types\/post"}],"author":[{"embeddable":true,"href":"https:\/\/diarioregionaldigital.com.br\/index.php?rest_route=\/wp\/v2\/users\/96"}],"replies":[{"embeddable":true,"href":"https:\/\/diarioregionaldigital.com.br\/index.php?rest_route=%2Fwp%2Fv2%2Fcomments&post=162431"}],"version-history":[{"count":0,"href":"https:\/\/diarioregionaldigital.com.br\/index.php?rest_route=\/wp\/v2\/posts\/162431\/revisions"}],"wp:featuredmedia":[{"embeddable":true,"href":"https:\/\/diarioregionaldigital.com.br\/index.php?rest_route=\/wp\/v2\/media\/162432"}],"wp:attachment":[{"href":"https:\/\/diarioregionaldigital.com.br\/index.php?rest_route=%2Fwp%2Fv2%2Fmedia&parent=162431"}],"wp:term":[{"taxonomy":"category","embeddable":true,"href":"https:\/\/diarioregionaldigital.com.br\/index.php?rest_route=%2Fwp%2Fv2%2Fcategories&post=162431"},{"taxonomy":"post_tag","embeddable":true,"href":"https:\/\/diarioregionaldigital.com.br\/index.php?rest_route=%2Fwp%2Fv2%2Ftags&post=162431"}],"curies":[{"name":"wp","href":"https:\/\/api.w.org\/{rel}","templated":true}]}}