{"id":162422,"date":"2020-06-17T10:46:54","date_gmt":"2020-06-17T13:46:54","guid":{"rendered":"https:\/\/diarioregionaldigital.com.br\/?p=162422"},"modified":"2020-06-17T10:46:54","modified_gmt":"2020-06-17T13:46:54","slug":"promulgada-resolucao-que-disciplina-suspensao-de-dividas-de-estados-com-a-uniao","status":"publish","type":"post","link":"https:\/\/diarioregionaldigital.com.br\/?p=162422","title":{"rendered":"Promulgada resolu\u00e7\u00e3o que disciplina suspens\u00e3o de d\u00edvidas de estados com a Uni\u00e3o"},"content":{"rendered":"<p><span style=\"font-weight: 400;\">Foi promulgada e est\u00e1 publicada no <\/span><i><span style=\"font-weight: 400;\">Di\u00e1rio Oficial da Uni\u00e3o<\/span><\/i><span style=\"font-weight: 400;\"> desta quarta-feira (17), a Resolu\u00e7\u00e3o 5\/2020, que disciplina a suspens\u00e3o ou renegocia\u00e7\u00e3o de pagamentos de empr\u00e9stimos ou d\u00edvidas dos estados, dos munic\u00edpios e do Distrito Federal com a Uni\u00e3o, bancos p\u00fablicos e organismos internacionais. Oriundo do projeto de resolu\u00e7\u00e3o (PRS) 25\/2020, o texto foi aprovado pelo Senado na ter\u00e7a-feira (16).<\/span><\/p>\n<p><span style=\"font-weight: 400;\">A resolu\u00e7\u00e3o ajusta a suspens\u00e3o e renegocia\u00e7\u00e3o previstas pela Lei de Responsabilidade Fiscal (LRF) em casos de calamidade p\u00fablica e pela Lei Complementar 173, de 2020, que estabeleceu o Programa Federativo de Enfrentamento ao Coronav\u00edrus SARS-CoV-2. Esse programa possibilita a ajuda financeira emergencial para estados, Distrito Federal e munic\u00edpios por parte da Uni\u00e3o em virtude da pandemia, o que inclui a suspens\u00e3o de d\u00edvidas junto \u00e0 Uni\u00e3o, inclusive d\u00e9bitos previdenci\u00e1rios, e a renegocia\u00e7\u00e3o de empr\u00e9stimos contratados pelos entes federativos no Brasil ou no exterior com bancos ou institui\u00e7\u00f5es multilaterais de cr\u00e9dito. O programa possibilita a suspens\u00e3o de todos os pagamentos dessas renegocia\u00e7\u00f5es durante este ano.<\/span><\/p>\n<p><span style=\"font-weight: 400;\">Para efetivar essas suspens\u00f5es e renegocia\u00e7\u00f5es, a Resolu\u00e7\u00e3o 5\/2020 determina que essas opera\u00e7\u00f5es n\u00e3o se sujeitam: aos limites globais para o montante da d\u00edvida p\u00fablica consolidada fixados na Resolu\u00e7\u00e3o do Senado Federal 40\/2001; ao processo de verifica\u00e7\u00e3o de limites e condi\u00e7\u00f5es para opera\u00e7\u00f5es de cr\u00e9dito estabelecido na Resolu\u00e7\u00e3o do Senado Federal 43\/2001; e ao atendimento dos limites e condi\u00e7\u00f5es para a concess\u00e3o de garantia pela Uni\u00e3o estabelecidos na Resolu\u00e7\u00e3o do Senado Federal 48\/2007.<\/span><\/p>\n<p><span style=\"font-weight: 400;\">O PRS 25\/2020 foi apresentado pelo senador Omar Aziz (PSD-AM), presidente da Comiss\u00e3o de Assuntos Econ\u00f4micos (CAE). A relatoria coube ao l\u00edder do governo na Casa, senador Fernando Bezerra Coelho (MDB-PE), que considerou a medida um \u201cal\u00edvio financeiro de R$ 24 bilh\u00f5es at\u00e9 dezembro, que vai beneficiar os estados e munic\u00edpios\u201d.<\/span><\/p>\n<p><span style=\"font-weight: 400;\">O presidente do Senado, Davi Alcolumbre, lembrou que a mat\u00e9ria foi pleiteada por v\u00e1rios governadores e pelo governo federal em rela\u00e7\u00e3o ao alongamento da d\u00edvida dos estados no projeto de socorro feito aos estados e aos munic\u00edpios brasileiros.<\/span><\/p>\n<p><strong>Fonte:\u00a0<\/strong>Ag\u00eancia Senado<\/p>\n","protected":false},"excerpt":{"rendered":"<p>Foi promulgada e est\u00e1 publicada no Di\u00e1rio Oficial da Uni\u00e3o desta quarta-feira (17), a Resolu\u00e7\u00e3o 5\/2020, que disciplina a suspens\u00e3o ou renegocia\u00e7\u00e3o de pagamentos de empr\u00e9stimos ou d\u00edvidas dos estados, dos munic\u00edpios e do Distrito Federal com a Uni\u00e3o, bancos p\u00fablicos e organismos internacionais. Oriundo do projeto de resolu\u00e7\u00e3o (PRS) 25\/2020, o texto foi aprovado [&hellip;]<\/p>\n","protected":false},"author":96,"featured_media":162423,"comment_status":"closed","ping_status":"closed","sticky":false,"template":"","format":"standard","meta":{"footnotes":""},"categories":[436,261,439],"tags":[],"class_list":["post-162422","post","type-post","status-publish","format-standard","has-post-thumbnail","hentry","category-destaque-da-semana","category-economia","category-ultima-hora"],"_links":{"self":[{"href":"https:\/\/diarioregionaldigital.com.br\/index.php?rest_route=\/wp\/v2\/posts\/162422","targetHints":{"allow":["GET"]}}],"collection":[{"href":"https:\/\/diarioregionaldigital.com.br\/index.php?rest_route=\/wp\/v2\/posts"}],"about":[{"href":"https:\/\/diarioregionaldigital.com.br\/index.php?rest_route=\/wp\/v2\/types\/post"}],"author":[{"embeddable":true,"href":"https:\/\/diarioregionaldigital.com.br\/index.php?rest_route=\/wp\/v2\/users\/96"}],"replies":[{"embeddable":true,"href":"https:\/\/diarioregionaldigital.com.br\/index.php?rest_route=%2Fwp%2Fv2%2Fcomments&post=162422"}],"version-history":[{"count":0,"href":"https:\/\/diarioregionaldigital.com.br\/index.php?rest_route=\/wp\/v2\/posts\/162422\/revisions"}],"wp:featuredmedia":[{"embeddable":true,"href":"https:\/\/diarioregionaldigital.com.br\/index.php?rest_route=\/wp\/v2\/media\/162423"}],"wp:attachment":[{"href":"https:\/\/diarioregionaldigital.com.br\/index.php?rest_route=%2Fwp%2Fv2%2Fmedia&parent=162422"}],"wp:term":[{"taxonomy":"category","embeddable":true,"href":"https:\/\/diarioregionaldigital.com.br\/index.php?rest_route=%2Fwp%2Fv2%2Fcategories&post=162422"},{"taxonomy":"post_tag","embeddable":true,"href":"https:\/\/diarioregionaldigital.com.br\/index.php?rest_route=%2Fwp%2Fv2%2Ftags&post=162422"}],"curies":[{"name":"wp","href":"https:\/\/api.w.org\/{rel}","templated":true}]}}