{"id":162419,"date":"2020-06-17T10:28:08","date_gmt":"2020-06-17T13:28:08","guid":{"rendered":"https:\/\/diarioregionaldigital.com.br\/?p=162419"},"modified":"2020-06-17T10:28:08","modified_gmt":"2020-06-17T13:28:08","slug":"em-24h-estado-registra-aumento-de-mais-de-mil-novos-casos-confirmados-por-coronavirus","status":"publish","type":"post","link":"https:\/\/diarioregionaldigital.com.br\/?p=162419","title":{"rendered":"Em 24h estado registra aumento de mais de mil novos casos confirmados por Coronav\u00edrus"},"content":{"rendered":"<p>A Secretaria de Estado da Sa\u00fade de Minas Gerais (SES-MG), confirmou em\u00a0<a href=\"https:\/\/www.saude.mg.gov.br\/images\/noticias_e_eventos\/000_2020\/Boletins_Corona\/Boletim_Epidemiologico_COVID-19_16.06.2020.pdf\">boletim epidemiol\u00f3gico<\/a> divulgado hoje (17), que na compara\u00e7\u00e3o com o boletim de ontem (16), houve aumento de 1.323 novos casos por Coronav\u00edrus no estado, totalizando 23.347 casos confirmados. Segundo o levantamento, houve aumento de 11.826 para 12.695 pacientes recuperados da doen\u00e7a. Conforme o levantamento, foram feitos 29.364 testes laboratoriais, sendo que 3.610 deram resultado positivo, 24.707 deram negativo e 725 est\u00e3o sob an\u00e1lise.<\/p>\n<p>Conforme o boletim, em 24h, o n\u00famero de mortes confirmadas subiu de 502 para 537. As mortes confirmadas no boletim atualizado, foram confirmadas em: Belo Horizonte, S\u00e3o Gon\u00e7alo do Rio Abaixo, Ipatinga, Sete Lagoas, Contagem, Betim, Sabar\u00e1, Sarzedo, Lavras, Espinosa, Caranda\u00ed, Ribeir\u00e3o das Neves, Uberl\u00e2ndia, Ribeir\u00e3o das Neves, Senador Firmino, Jesu\u00e2nia, Santo Ant\u00f4nio do Amparo, Carmo do Cajuru e uma v\u00edtima nascida em outro estado brasileiro.<\/p>\n<p>Confira abaixo a tabela completa com os \u00f3bitos confirmados no estado:<\/p>\n<p><a href=\"https:\/\/diarioregionaldigital.com.br\/wp-content\/uploads\/2020\/06\/OBITOS_CONF_COVID-19_MG_17.06.2020.xls\">OBITOS_CONF_COVID-19_MG_17.06.2020<\/a><\/p>\n","protected":false},"excerpt":{"rendered":"<p>A Secretaria de Estado da Sa\u00fade de Minas Gerais (SES-MG), confirmou em\u00a0boletim epidemiol\u00f3gico divulgado hoje (17), que na compara\u00e7\u00e3o com o boletim de ontem (16), houve aumento de 1.323 novos casos por Coronav\u00edrus no estado, totalizando 23.347 casos confirmados. Segundo o levantamento, houve aumento de 11.826 para 12.695 pacientes recuperados da doen\u00e7a. Conforme o levantamento, [&hellip;]<\/p>\n","protected":false},"author":96,"featured_media":162067,"comment_status":"closed","ping_status":"closed","sticky":false,"template":"","format":"standard","meta":{"footnotes":""},"categories":[436,440,252,439],"tags":[],"class_list":["post-162419","post","type-post","status-publish","format-standard","has-post-thumbnail","hentry","category-destaque-da-semana","category-destaques-do-dia","category-regiao","category-ultima-hora"],"_links":{"self":[{"href":"https:\/\/diarioregionaldigital.com.br\/index.php?rest_route=\/wp\/v2\/posts\/162419","targetHints":{"allow":["GET"]}}],"collection":[{"href":"https:\/\/diarioregionaldigital.com.br\/index.php?rest_route=\/wp\/v2\/posts"}],"about":[{"href":"https:\/\/diarioregionaldigital.com.br\/index.php?rest_route=\/wp\/v2\/types\/post"}],"author":[{"embeddable":true,"href":"https:\/\/diarioregionaldigital.com.br\/index.php?rest_route=\/wp\/v2\/users\/96"}],"replies":[{"embeddable":true,"href":"https:\/\/diarioregionaldigital.com.br\/index.php?rest_route=%2Fwp%2Fv2%2Fcomments&post=162419"}],"version-history":[{"count":0,"href":"https:\/\/diarioregionaldigital.com.br\/index.php?rest_route=\/wp\/v2\/posts\/162419\/revisions"}],"wp:featuredmedia":[{"embeddable":true,"href":"https:\/\/diarioregionaldigital.com.br\/index.php?rest_route=\/wp\/v2\/media\/162067"}],"wp:attachment":[{"href":"https:\/\/diarioregionaldigital.com.br\/index.php?rest_route=%2Fwp%2Fv2%2Fmedia&parent=162419"}],"wp:term":[{"taxonomy":"category","embeddable":true,"href":"https:\/\/diarioregionaldigital.com.br\/index.php?rest_route=%2Fwp%2Fv2%2Fcategories&post=162419"},{"taxonomy":"post_tag","embeddable":true,"href":"https:\/\/diarioregionaldigital.com.br\/index.php?rest_route=%2Fwp%2Fv2%2Ftags&post=162419"}],"curies":[{"name":"wp","href":"https:\/\/api.w.org\/{rel}","templated":true}]}}