{"id":162407,"date":"2020-06-17T06:00:40","date_gmt":"2020-06-17T09:00:40","guid":{"rendered":"https:\/\/diarioregionaldigital.com.br\/?p=162407"},"modified":"2020-06-17T01:12:16","modified_gmt":"2020-06-17T04:12:16","slug":"preciosidades","status":"publish","type":"post","link":"https:\/\/diarioregionaldigital.com.br\/?p=162407","title":{"rendered":"Preciosidades"},"content":{"rendered":"<p style=\"text-align: center;\"><strong>Comida Boa<\/strong><\/p>\n<p style=\"text-align: center;\">A Semana de Gastronomia da UniAcademia esteve movimentada com a palestra da professora de Senac Paula Feliciano. Em formato virtual ela falou sobre Culin\u00e1ria e pesquisa cientifica.<\/p>\n<p style=\"text-align: center;\"><strong>Ma\u00e7\u00e3 no Escuro<\/strong><\/p>\n<p style=\"text-align: center;\">Clarice Lispector n\u00e3o aceitava muitos pitacos em seus livros, mas em \u201cMa\u00e7\u00e3 no Escuro\u201d foi diferente. Seu grande amigo Fernando Sabino fez nada menos que 204 observa\u00e7\u00f5es, quase todas acatadas pela escritora. A obra que chegou a ser editada pela Sabi\u00e1, ganhou nova edi\u00e7\u00e3o pela Rocco. J\u00e1 como parte do centen\u00e1rio da escritora em dezembro.<\/p>\n<p style=\"text-align: center;\"><strong>Projeto<\/strong><\/p>\n<p style=\"text-align: center;\">Diante de um tema atual, a jornalista Thais Pifano organizou atrav\u00e9s da Biblioteca Municipal Murilo Mendes e pelo aplicativo Zoom, o primeiro encontro do Projeto Rede Moinho &#8211; Di\u00e1logos que transformam, com o enredo \u201cVidas negras: importam?\u201d.<\/p>\n<p style=\"text-align: center;\"><strong>N\u00e9ctar dos Deuses<\/strong><\/p>\n<p style=\"text-align: center;\">Sem idas a restaurantes, festas ou \u00e0quela lojinha de bebidas do bairro, os brasileiros passaram a consumir mais vinho em casa. As medidas de distanciamento social para conter o avan\u00e7o da pandemia est\u00e3o impulsionando em especial as vendas da produ\u00e7\u00e3o nacional por meio do com\u00e9rcio eletr\u00f4nico e at\u00e9 mesmo pelo WhatsApp.<\/p>\n<p style=\"text-align: center;\"><strong>Preciosidades<\/strong><\/p>\n<p style=\"text-align: center;\">Com um acervo hist\u00f3rico bel\u00edssimo, o Museu Mariano Proc\u00f3pio lan\u00e7ou uma s\u00e9rie nas redes sociais apresentando curiosidades sobre suas cole\u00e7\u00f5es. Destaque para um servi\u00e7o de ch\u00e1 de porcelana de Limoges de origem francesa que pertence a Alfredo Ferreira Lage.<\/p>\n<div id=\"attachment_162398\" style=\"width: 690px\" class=\"wp-caption aligncenter\"><img loading=\"lazy\" decoding=\"async\" aria-describedby=\"caption-attachment-162398\" class=\"wp-image-162398\" src=\"https:\/\/diarioregionaldigital.com.br\/wp-content\/uploads\/2020\/06\/fotoa-e1592356025185.jpeg\" alt=\"\" width=\"680\" height=\"539\" srcset=\"https:\/\/diarioregionaldigital.com.br\/wp-content\/uploads\/2020\/06\/fotoa-e1592356025185.jpeg 483w, https:\/\/diarioregionaldigital.com.br\/wp-content\/uploads\/2020\/06\/fotoa-e1592356025185-300x238.jpeg 300w, https:\/\/diarioregionaldigital.com.br\/wp-content\/uploads\/2020\/06\/fotoa-e1592356025185-360x285.jpeg 360w\" sizes=\"auto, (max-width: 680px) 100vw, 680px\" \/><p id=\"caption-attachment-162398\" class=\"wp-caption-text\">Um foco de luz na linda estrelinha Millena F\u00e9lix<\/p><\/div>\n<div id=\"attachment_162399\" style=\"width: 690px\" class=\"wp-caption aligncenter\"><img loading=\"lazy\" decoding=\"async\" aria-describedby=\"caption-attachment-162399\" class=\"wp-image-162399\" src=\"https:\/\/diarioregionaldigital.com.br\/wp-content\/uploads\/2020\/06\/fotob-9-e1592365954251.jpg\" alt=\"\" width=\"680\" height=\"490\" srcset=\"https:\/\/diarioregionaldigital.com.br\/wp-content\/uploads\/2020\/06\/fotob-9-e1592365954251.jpg 965w, https:\/\/diarioregionaldigital.com.br\/wp-content\/uploads\/2020\/06\/fotob-9-e1592365954251-300x216.jpg 300w, https:\/\/diarioregionaldigital.com.br\/wp-content\/uploads\/2020\/06\/fotob-9-e1592365954251-768x554.jpg 768w, https:\/\/diarioregionaldigital.com.br\/wp-content\/uploads\/2020\/06\/fotob-9-e1592365954251-360x260.jpg 360w\" sizes=\"auto, (max-width: 680px) 100vw, 680px\" \/><p id=\"caption-attachment-162399\" class=\"wp-caption-text\">S\u00e9rgio F\u00e9lix e a aniversariante de destaque do m\u00eas Maria Almeida<\/p><\/div>\n<div id=\"attachment_162400\" style=\"width: 690px\" class=\"wp-caption aligncenter\"><img loading=\"lazy\" decoding=\"async\" aria-describedby=\"caption-attachment-162400\" class=\"wp-image-162400\" src=\"https:\/\/diarioregionaldigital.com.br\/wp-content\/uploads\/2020\/06\/fotoc-8-e1592366035897.jpg\" alt=\"\" width=\"680\" height=\"528\" srcset=\"https:\/\/diarioregionaldigital.com.br\/wp-content\/uploads\/2020\/06\/fotoc-8-e1592366035897.jpg 331w, https:\/\/diarioregionaldigital.com.br\/wp-content\/uploads\/2020\/06\/fotoc-8-e1592366035897-300x233.jpg 300w\" sizes=\"auto, (max-width: 680px) 100vw, 680px\" \/><p id=\"caption-attachment-162400\" class=\"wp-caption-text\">Afonso Toledo (aniversa-riando) comemorou com a mulher Maria do Carmo Saleme<\/p><\/div>\n<div id=\"attachment_162401\" style=\"width: 690px\" class=\"wp-caption aligncenter\"><img loading=\"lazy\" decoding=\"async\" aria-describedby=\"caption-attachment-162401\" class=\"wp-image-162401\" src=\"https:\/\/diarioregionaldigital.com.br\/wp-content\/uploads\/2020\/06\/fotod-7-e1592366056629.jpg\" alt=\"\" width=\"680\" height=\"498\" srcset=\"https:\/\/diarioregionaldigital.com.br\/wp-content\/uploads\/2020\/06\/fotod-7-e1592366056629.jpg 1436w, https:\/\/diarioregionaldigital.com.br\/wp-content\/uploads\/2020\/06\/fotod-7-e1592366056629-300x220.jpg 300w, https:\/\/diarioregionaldigital.com.br\/wp-content\/uploads\/2020\/06\/fotod-7-e1592366056629-1024x749.jpg 1024w, https:\/\/diarioregionaldigital.com.br\/wp-content\/uploads\/2020\/06\/fotod-7-e1592366056629-768x562.jpg 768w, https:\/\/diarioregionaldigital.com.br\/wp-content\/uploads\/2020\/06\/fotod-7-e1592366056629-360x263.jpg 360w\" sizes=\"auto, (max-width: 680px) 100vw, 680px\" \/><p id=\"caption-attachment-162401\" class=\"wp-caption-text\">Jarbas Batitucci aniversariou ladeado dos filhos bonit\u00f5es, Arthur, \u00c1lvaro e Lucas<\/p><\/div>\n<div id=\"attachment_162402\" style=\"width: 690px\" class=\"wp-caption aligncenter\"><img loading=\"lazy\" decoding=\"async\" aria-describedby=\"caption-attachment-162402\" class=\"wp-image-162402\" src=\"https:\/\/diarioregionaldigital.com.br\/wp-content\/uploads\/2020\/06\/fotoe-9-e1592366135499.jpg\" alt=\"\" width=\"680\" height=\"474\" srcset=\"https:\/\/diarioregionaldigital.com.br\/wp-content\/uploads\/2020\/06\/fotoe-9-e1592366135499.jpg 943w, https:\/\/diarioregionaldigital.com.br\/wp-content\/uploads\/2020\/06\/fotoe-9-e1592366135499-300x210.jpg 300w, https:\/\/diarioregionaldigital.com.br\/wp-content\/uploads\/2020\/06\/fotoe-9-e1592366135499-768x535.jpg 768w, https:\/\/diarioregionaldigital.com.br\/wp-content\/uploads\/2020\/06\/fotoe-9-e1592366135499-360x251.jpg 360w, https:\/\/diarioregionaldigital.com.br\/wp-content\/uploads\/2020\/06\/fotoe-9-e1592366135499-100x70.jpg 100w\" sizes=\"auto, (max-width: 680px) 100vw, 680px\" \/><p id=\"caption-attachment-162402\" class=\"wp-caption-text\">Homens de atitude e express\u00e3o visitando esta coluna social, S\u00e9rgio Bara, Luiz Carlos Lyra e Paulo C\u00e9sar Magella<\/p><\/div>\n<div id=\"attachment_162403\" style=\"width: 690px\" class=\"wp-caption aligncenter\"><img loading=\"lazy\" decoding=\"async\" aria-describedby=\"caption-attachment-162403\" class=\"wp-image-162403\" src=\"https:\/\/diarioregionaldigital.com.br\/wp-content\/uploads\/2020\/06\/fotof-10-e1592366201269.jpg\" alt=\"\" width=\"680\" height=\"462\" srcset=\"https:\/\/diarioregionaldigital.com.br\/wp-content\/uploads\/2020\/06\/fotof-10-e1592366201269.jpg 825w, https:\/\/diarioregionaldigital.com.br\/wp-content\/uploads\/2020\/06\/fotof-10-e1592366201269-300x204.jpg 300w, https:\/\/diarioregionaldigital.com.br\/wp-content\/uploads\/2020\/06\/fotof-10-e1592366201269-768x522.jpg 768w, https:\/\/diarioregionaldigital.com.br\/wp-content\/uploads\/2020\/06\/fotof-10-e1592366201269-360x245.jpg 360w\" sizes=\"auto, (max-width: 680px) 100vw, 680px\" \/><p id=\"caption-attachment-162403\" class=\"wp-caption-text\">Esperando a pandemia passar, os amigos Roger Resende e Yuri Soares<\/p><\/div>\n<div id=\"attachment_162404\" style=\"width: 690px\" class=\"wp-caption aligncenter\"><img loading=\"lazy\" decoding=\"async\" aria-describedby=\"caption-attachment-162404\" class=\"wp-image-162404\" src=\"https:\/\/diarioregionaldigital.com.br\/wp-content\/uploads\/2020\/06\/fotog-9-e1592366230306.jpg\" alt=\"\" width=\"680\" height=\"534\" srcset=\"https:\/\/diarioregionaldigital.com.br\/wp-content\/uploads\/2020\/06\/fotog-9-e1592366230306.jpg 540w, https:\/\/diarioregionaldigital.com.br\/wp-content\/uploads\/2020\/06\/fotog-9-e1592366230306-300x236.jpg 300w, https:\/\/diarioregionaldigital.com.br\/wp-content\/uploads\/2020\/06\/fotog-9-e1592366230306-360x283.jpg 360w\" sizes=\"auto, (max-width: 680px) 100vw, 680px\" \/><p id=\"caption-attachment-162404\" class=\"wp-caption-text\">Mulheres finas e de tradi\u00e7\u00e3o, Liamar Bernardo e Heloisa Monteiro<\/p><\/div>\n<div id=\"attachment_162405\" style=\"width: 690px\" class=\"wp-caption aligncenter\"><img loading=\"lazy\" decoding=\"async\" aria-describedby=\"caption-attachment-162405\" class=\"wp-image-162405\" src=\"https:\/\/diarioregionaldigital.com.br\/wp-content\/uploads\/2020\/06\/fotoh-10-e1592366254587.jpg\" alt=\"\" width=\"680\" height=\"501\" srcset=\"https:\/\/diarioregionaldigital.com.br\/wp-content\/uploads\/2020\/06\/fotoh-10-e1592366254587.jpg 758w, https:\/\/diarioregionaldigital.com.br\/wp-content\/uploads\/2020\/06\/fotoh-10-e1592366254587-300x221.jpg 300w, https:\/\/diarioregionaldigital.com.br\/wp-content\/uploads\/2020\/06\/fotoh-10-e1592366254587-360x265.jpg 360w\" sizes=\"auto, (max-width: 680px) 100vw, 680px\" \/><p id=\"caption-attachment-162405\" class=\"wp-caption-text\">No Salvaterra, Matheus Dias e o pai Arthur Dias em plena sintonia<\/p><\/div>\n<p style=\"text-align: center;\"><strong>FOTOSS\u00cdNTESE<\/strong><\/p>\n<p>Arrasou literalmente o box \u201cValentines Day\u201d, produzido com delicias by Celinho Vidal para o Dia dos Namorados. Este colunista adorou e sugere box Junino e para o Dia dos Pais.<\/p>\n<p>Quem aterrissou em Juiz de Fora foi o presidente das Lentes Hoya Brasil, J. Michael Aiken e, foi recebido por Marcello Padilha, na Fiemg Regional com o advogado Rodrigo Dolabela. Ele falou sobre o futuro das rela\u00e7\u00f5es de trabalho.<\/p>\n<p>O chef Ant\u00f4nio de P\u00e1dua Jun\u00e3o arrasa na cozinha do Haras Morena. Especialista em fazer del\u00edcias tem como destaque o Fettuccine na fonduta de parmes\u00e3o com mel\u00e3o acompanhado de fil\u00e9 mignon e a famosa torta de ma\u00e7a. Ponto para ele.<\/p>\n<p>Leonardo Beire e a irm\u00e3 Erika Beire prometem muitas atividades quando a Escola de Futebol Zico em S\u00e3o Pedro reabrir.<\/p>\n<p>Para o dia 28 de junho, a tarde de domingo estar\u00e1 agitada com sertanejo, MPB, reggae, rock, samba e ax\u00e9 com o Festival Music-Live Solid\u00e1ria, no YouTube.<\/p>\n<p>Aten\u00e7\u00e3o: Fique de olho aberto pois a PJF est\u00e1 notificando estabelecimento por descumprimento de decreto. No momento, os campe\u00f5es s\u00e3o bares, igrejas e academias.<\/p>\n<p>Uma \u201cboca de Matilde\u201d est\u00e1 espalhando por a\u00ed que aquela on\u00e7a pintada est\u00e1 com saudades de Juiz de Fora.<\/p>\n<p>A Empav informou a este colunista, que uma equipe refor\u00e7ada ir\u00e1 atuar no tapa-buraco pelas ruas de Juiz de Fora. Estava demorando.<\/p>\n<p>A\u00ed: \u201cBaladeiros de of\u00edcio, n\u00e3o curte compromisso\u201d. Bom dia.<\/p>\n<p><img loading=\"lazy\" decoding=\"async\" class=\"aligncenter size-full wp-image-162408\" src=\"https:\/\/diarioregionaldigital.com.br\/wp-content\/uploads\/2020\/06\/anuncio70-scaled.jpg\" alt=\"\" width=\"2560\" height=\"970\" srcset=\"https:\/\/diarioregionaldigital.com.br\/wp-content\/uploads\/2020\/06\/anuncio70-scaled.jpg 2560w, https:\/\/diarioregionaldigital.com.br\/wp-content\/uploads\/2020\/06\/anuncio70-300x114.jpg 300w, https:\/\/diarioregionaldigital.com.br\/wp-content\/uploads\/2020\/06\/anuncio70-1024x388.jpg 1024w, https:\/\/diarioregionaldigital.com.br\/wp-content\/uploads\/2020\/06\/anuncio70-768x291.jpg 768w, https:\/\/diarioregionaldigital.com.br\/wp-content\/uploads\/2020\/06\/anuncio70-1536x582.jpg 1536w, https:\/\/diarioregionaldigital.com.br\/wp-content\/uploads\/2020\/06\/anuncio70-2048x776.jpg 2048w, https:\/\/diarioregionaldigital.com.br\/wp-content\/uploads\/2020\/06\/anuncio70-360x136.jpg 360w\" sizes=\"auto, (max-width: 2560px) 100vw, 2560px\" \/><\/p>\n","protected":false},"excerpt":{"rendered":"<p>Comida Boa A Semana de Gastronomia da UniAcademia esteve movimentada com a palestra da professora de Senac Paula Feliciano. Em formato virtual ela falou sobre Culin\u00e1ria e pesquisa cientifica. Ma\u00e7\u00e3 no Escuro Clarice Lispector n\u00e3o aceitava muitos pitacos em seus livros, mas em \u201cMa\u00e7\u00e3 no Escuro\u201d foi diferente. Seu grande amigo Fernando Sabino fez nada [&hellip;]<\/p>\n","protected":false},"author":96,"featured_media":162411,"comment_status":"closed","ping_status":"closed","sticky":false,"template":"","format":"standard","meta":{"footnotes":""},"categories":[264],"tags":[],"class_list":["post-162407","post","type-post","status-publish","format-standard","has-post-thumbnail","hentry","category-eduardo-gomes"],"_links":{"self":[{"href":"https:\/\/diarioregionaldigital.com.br\/index.php?rest_route=\/wp\/v2\/posts\/162407","targetHints":{"allow":["GET"]}}],"collection":[{"href":"https:\/\/diarioregionaldigital.com.br\/index.php?rest_route=\/wp\/v2\/posts"}],"about":[{"href":"https:\/\/diarioregionaldigital.com.br\/index.php?rest_route=\/wp\/v2\/types\/post"}],"author":[{"embeddable":true,"href":"https:\/\/diarioregionaldigital.com.br\/index.php?rest_route=\/wp\/v2\/users\/96"}],"replies":[{"embeddable":true,"href":"https:\/\/diarioregionaldigital.com.br\/index.php?rest_route=%2Fwp%2Fv2%2Fcomments&post=162407"}],"version-history":[{"count":0,"href":"https:\/\/diarioregionaldigital.com.br\/index.php?rest_route=\/wp\/v2\/posts\/162407\/revisions"}],"wp:featuredmedia":[{"embeddable":true,"href":"https:\/\/diarioregionaldigital.com.br\/index.php?rest_route=\/wp\/v2\/media\/162411"}],"wp:attachment":[{"href":"https:\/\/diarioregionaldigital.com.br\/index.php?rest_route=%2Fwp%2Fv2%2Fmedia&parent=162407"}],"wp:term":[{"taxonomy":"category","embeddable":true,"href":"https:\/\/diarioregionaldigital.com.br\/index.php?rest_route=%2Fwp%2Fv2%2Fcategories&post=162407"},{"taxonomy":"post_tag","embeddable":true,"href":"https:\/\/diarioregionaldigital.com.br\/index.php?rest_route=%2Fwp%2Fv2%2Ftags&post=162407"}],"curies":[{"name":"wp","href":"https:\/\/api.w.org\/{rel}","templated":true}]}}