{"id":162396,"date":"2020-06-16T19:27:54","date_gmt":"2020-06-16T22:27:54","guid":{"rendered":"https:\/\/diarioregionaldigital.com.br\/?p=162396"},"modified":"2020-06-16T19:27:54","modified_gmt":"2020-06-16T22:27:54","slug":"covid-19-brasil-tem-452-mil-mortes-e-9232-mil-casos-confirmados","status":"publish","type":"post","link":"https:\/\/diarioregionaldigital.com.br\/?p=162396","title":{"rendered":"Covid-19: Brasil tem 45,2 mil mortes e 923,2 mil casos confirmados"},"content":{"rendered":"<p>O Brasil registrou, nas \u00faltimas 24 horas, mais 1.282 mortes pela covid-19, conforme atualiza\u00e7\u00e3o divulgada nesta segunda-feira (16) pelo Minist\u00e9rio da Sa\u00fade. Com isso, o pa\u00eds chegou a 45.241 \u00f3bitos em fun\u00e7\u00e3o da pandemia do novo coronav\u00edrus.<img decoding=\"async\" src=\"https:\/\/agenciabrasil.ebc.com.br\/ebc.png?id=1309695&amp;o=node\" \/><\/p>\n<p>O balan\u00e7o contabiliza tamb\u00e9m 34.918 novos casos da doen\u00e7a, totalizando 923.189.<\/p>\n<p>A atualiza\u00e7\u00e3o di\u00e1ria revela aumento de 3% no n\u00famero de \u00f3bitos em rela\u00e7\u00e3o ao total de ontem, que era de 43.959. Os novos casos confirmados representam acr\u00e9scimo de 4% sobre o total de ontem, quando os dados do Minist\u00e9rio da Sa\u00fade registravam 888.271 pessoas infectadas.<\/p>\n<p>Os registros s\u00e3o menores aos domingos e nas segundas-feiras em fun\u00e7\u00e3o da dificuldade de alimenta\u00e7\u00e3o das estat\u00edsticas no fim de semana, e maiores nas ter\u00e7as-feiras, por causa do ac\u00famulo de notifica\u00e7\u00f5es atualizadas no sistema.<\/p>\n<p>A taxa de letalidade (n\u00famero de mortes pelo total de casos) ficou em 4,9%. A mortalidade (falecimentos por 100 mil habitantes) foi de 21,5. J\u00e1 a incid\u00eancia (casos confirmados por 100 mil habitantes) ficou em 439,3. Do total, 436.219 pessoas est\u00e3o em observa\u00e7\u00e3o e 441.729 paciente se recuperaram. H\u00e1 ainda 4.047 mortes em investiga\u00e7\u00e3o.<\/p>\n<p>Os estados com maior n\u00famero de \u00f3bitos s\u00e3o S\u00e3o Paulo (11.132), Rio de Janeiro (7.967), Cear\u00e1 (5.070), Par\u00e1 (4.291) e Pernambuco (3.959). Ainda figuram entre os quer apresentam altos \u00edndices de mortes os estados do Amazonas (2.549), do Maranh\u00e3o (1.537), da Bahia (1.181), do Esp\u00edrito Santo (1.131), de Alagoas (793) e da Para\u00edba (671).<\/p>\n<p>Os estados com mais casos de covid-19 s\u00e3o S\u00e3o Paulo (190.285), Rio de Janeiro (83.343), Cear\u00e1 (81.289), Par\u00e1 (71.243) e Maranh\u00e3o (62.711).<\/p>\n<p><strong>Fonte:\u00a0<\/strong>Ag\u00eancia Brasil<\/p>\n","protected":false},"excerpt":{"rendered":"<p>O Brasil registrou, nas \u00faltimas 24 horas, mais 1.282 mortes pela covid-19, conforme atualiza\u00e7\u00e3o divulgada nesta segunda-feira (16) pelo Minist\u00e9rio da Sa\u00fade. Com isso, o pa\u00eds chegou a 45.241 \u00f3bitos em fun\u00e7\u00e3o da pandemia do novo coronav\u00edrus. O balan\u00e7o contabiliza tamb\u00e9m 34.918 novos casos da doen\u00e7a, totalizando 923.189. A atualiza\u00e7\u00e3o di\u00e1ria revela aumento de 3% [&hellip;]<\/p>\n","protected":false},"author":96,"featured_media":162008,"comment_status":"closed","ping_status":"closed","sticky":false,"template":"","format":"standard","meta":{"footnotes":""},"categories":[302,436,440,439],"tags":[],"class_list":["post-162396","post","type-post","status-publish","format-standard","has-post-thumbnail","hentry","category-brasil-mundo","category-destaque-da-semana","category-destaques-do-dia","category-ultima-hora"],"_links":{"self":[{"href":"https:\/\/diarioregionaldigital.com.br\/index.php?rest_route=\/wp\/v2\/posts\/162396","targetHints":{"allow":["GET"]}}],"collection":[{"href":"https:\/\/diarioregionaldigital.com.br\/index.php?rest_route=\/wp\/v2\/posts"}],"about":[{"href":"https:\/\/diarioregionaldigital.com.br\/index.php?rest_route=\/wp\/v2\/types\/post"}],"author":[{"embeddable":true,"href":"https:\/\/diarioregionaldigital.com.br\/index.php?rest_route=\/wp\/v2\/users\/96"}],"replies":[{"embeddable":true,"href":"https:\/\/diarioregionaldigital.com.br\/index.php?rest_route=%2Fwp%2Fv2%2Fcomments&post=162396"}],"version-history":[{"count":0,"href":"https:\/\/diarioregionaldigital.com.br\/index.php?rest_route=\/wp\/v2\/posts\/162396\/revisions"}],"wp:featuredmedia":[{"embeddable":true,"href":"https:\/\/diarioregionaldigital.com.br\/index.php?rest_route=\/wp\/v2\/media\/162008"}],"wp:attachment":[{"href":"https:\/\/diarioregionaldigital.com.br\/index.php?rest_route=%2Fwp%2Fv2%2Fmedia&parent=162396"}],"wp:term":[{"taxonomy":"category","embeddable":true,"href":"https:\/\/diarioregionaldigital.com.br\/index.php?rest_route=%2Fwp%2Fv2%2Fcategories&post=162396"},{"taxonomy":"post_tag","embeddable":true,"href":"https:\/\/diarioregionaldigital.com.br\/index.php?rest_route=%2Fwp%2Fv2%2Ftags&post=162396"}],"curies":[{"name":"wp","href":"https:\/\/api.w.org\/{rel}","templated":true}]}}