{"id":162393,"date":"2020-06-16T18:50:05","date_gmt":"2020-06-16T21:50:05","guid":{"rendered":"https:\/\/diarioregionaldigital.com.br\/?p=162393"},"modified":"2020-06-16T18:50:05","modified_gmt":"2020-06-16T21:50:05","slug":"autor-com-tornozeleira-eletronica-e-preso-por-vender-drogas-em-nova-era","status":"publish","type":"post","link":"https:\/\/diarioregionaldigital.com.br\/?p=162393","title":{"rendered":"Autor com tornozeleira eletr\u00f4nica \u00e9 preso por vender drogas em Nova Era"},"content":{"rendered":"<p>Um indiv\u00edduo de 22 anos, foi preso pela Pol\u00edcia Militar (PM), por vender drogas no Bairro Nova Era em Juiz de Fora. Durante abordagem, foi constatado que o autor usava tornozeleira eletr\u00f4nica e descumpria medida de pris\u00e3o domiciliar. Com aux\u00edlio de c\u00e3o farejador, foram encontrados uma pedra de crack e seis buchas de maconha. Autor preso e encaminhado para a Delegacia junto com os materiais.<\/p>\n","protected":false},"excerpt":{"rendered":"<p>Um indiv\u00edduo de 22 anos, foi preso pela Pol\u00edcia Militar (PM), por vender drogas no Bairro Nova Era em Juiz de Fora. Durante abordagem, foi constatado que o autor usava tornozeleira eletr\u00f4nica e descumpria medida de pris\u00e3o domiciliar. Com aux\u00edlio de c\u00e3o farejador, foram encontrados uma pedra de crack e seis buchas de maconha. Autor [&hellip;]<\/p>\n","protected":false},"author":96,"featured_media":162394,"comment_status":"closed","ping_status":"closed","sticky":false,"template":"","format":"standard","meta":{"footnotes":""},"categories":[301,436,439],"tags":[],"class_list":["post-162393","post","type-post","status-publish","format-standard","has-post-thumbnail","hentry","category-artigos-policiais","category-destaque-da-semana","category-ultima-hora"],"_links":{"self":[{"href":"https:\/\/diarioregionaldigital.com.br\/index.php?rest_route=\/wp\/v2\/posts\/162393","targetHints":{"allow":["GET"]}}],"collection":[{"href":"https:\/\/diarioregionaldigital.com.br\/index.php?rest_route=\/wp\/v2\/posts"}],"about":[{"href":"https:\/\/diarioregionaldigital.com.br\/index.php?rest_route=\/wp\/v2\/types\/post"}],"author":[{"embeddable":true,"href":"https:\/\/diarioregionaldigital.com.br\/index.php?rest_route=\/wp\/v2\/users\/96"}],"replies":[{"embeddable":true,"href":"https:\/\/diarioregionaldigital.com.br\/index.php?rest_route=%2Fwp%2Fv2%2Fcomments&post=162393"}],"version-history":[{"count":0,"href":"https:\/\/diarioregionaldigital.com.br\/index.php?rest_route=\/wp\/v2\/posts\/162393\/revisions"}],"wp:featuredmedia":[{"embeddable":true,"href":"https:\/\/diarioregionaldigital.com.br\/index.php?rest_route=\/wp\/v2\/media\/162394"}],"wp:attachment":[{"href":"https:\/\/diarioregionaldigital.com.br\/index.php?rest_route=%2Fwp%2Fv2%2Fmedia&parent=162393"}],"wp:term":[{"taxonomy":"category","embeddable":true,"href":"https:\/\/diarioregionaldigital.com.br\/index.php?rest_route=%2Fwp%2Fv2%2Fcategories&post=162393"},{"taxonomy":"post_tag","embeddable":true,"href":"https:\/\/diarioregionaldigital.com.br\/index.php?rest_route=%2Fwp%2Fv2%2Ftags&post=162393"}],"curies":[{"name":"wp","href":"https:\/\/api.w.org\/{rel}","templated":true}]}}