{"id":162390,"date":"2020-06-16T18:40:01","date_gmt":"2020-06-16T21:40:01","guid":{"rendered":"https:\/\/diarioregionaldigital.com.br\/?p=162390"},"modified":"2020-06-16T18:40:01","modified_gmt":"2020-06-16T21:40:01","slug":"romeu-zema-anuncia-a-entrega-de-500-respiradores","status":"publish","type":"post","link":"https:\/\/diarioregionaldigital.com.br\/?p=162390","title":{"rendered":"Romeu Zema anuncia a entrega de 500 respiradores"},"content":{"rendered":"<p><main class=\"clear margin-md-bottom-3\"><\/p>\n<div class=\"clear \">\n<p>O governador Romeu Zema anunciou nesta ter\u00e7a-feira\u00a0(16\/6), na Cidade Administrativa, durante coletiva de imprensa virtual, a entrega de 500 respiradores. Deste total, 420 foram adquiridos com recursos da A\u00e7\u00e3o Civil P\u00fablica movida contra a Samarco e suas controladoras (Vale e BHP), a t\u00edtulo de garantia do rompimento da barragem da mineradora em 2015, em Mariana. Os 80 restantes foram disponibilizados pelo Minist\u00e9rio da Sa\u00fade.<\/p>\n<p>Romeu Zema explicou que cerca de 320 s\u00e3o considerados n\u00e3o invasivos (beira de leito). At\u00e9 o final do m\u00eas, o Estado receber\u00e1 mais 100 respiradores, que estavam previstos para chegar em julho. Somados aos 80 do governo federal, 500 ventiladores passar\u00e3o a equipar o sistema de Sa\u00fade do Estado.<\/p>\n<p>De acordo com Zema, dez respiradores j\u00e1 ser\u00e3o destinados para Governador Valadares (Vale do Rio Doce) e mais dez para Diamantina (Central).<\/p>\n<p>Os crit\u00e9rios para distribui\u00e7\u00e3o s\u00e3o o d\u00e9ficit de leitos de UTI para enfrentamento da covid-19, a taxa de ocupa\u00e7\u00e3o dos leitos de UTI, o percentual da popula\u00e7\u00e3o SUS dependente, a situa\u00e7\u00e3o epidemiol\u00f3gica da regi\u00e3o (velocidade de transmiss\u00e3o da doen\u00e7a e n\u00famero de casos novos) e a disponibilidade de amplia\u00e7\u00e3o de leitos apontado pela regi\u00e3o no plano de conting\u00eancia macrorregional.<\/p>\n<p><strong>Justi\u00e7a<\/strong><\/p>\n<p>O advogado-geral do Estado, S\u00e9rgio Pessoa, destacou a orienta\u00e7\u00e3o do governador junto \u00e0\u00a0Advocacia-Geral do Estado (AGE)\u00a0no prop\u00f3sito de se articular e buscar no ambiente jur\u00eddico a possibilidade de adquirir insumos para o momento dif\u00edcil que o Estado e o pa\u00eds atravessam no combate \u00e0 pandemia.<\/p>\n<p>J\u00e1 o juiz federal M\u00e1rio de Paula Franco J\u00fanior, respons\u00e1vel pelo processo do desastre de Mariana, destacou a integra\u00e7\u00e3o entre a Justi\u00e7a Federal e o\u00a0Governo do Estado de Minas Gerais\u00a0neste momento tumultuado que o pa\u00eds vem enfrentando.<\/p>\n<p>\u201cO Governo de Minas tem sido um porto seguro para que, no \u00e2mbito do processo da Samarco e do desastre de Mariana, n\u00f3s consigamos fazer com que isso, que tanto sofrimento e tanta dor trouxe aos mineiros, possa se reverter em alguma medida no atendimento ao interesse p\u00fablico\u201d, avaliou.<\/p>\n<p><strong>Leitos<\/strong><\/p>\n<p>Na ocasi\u00e3o, o governador tamb\u00e9m anunciou mais 79 novos leitos de UTI nos seguintes munic\u00edpios: Lavras, Ita\u00fana, Ipatinga, Patroc\u00ednio, S\u00e3o Sebasti\u00e3o do Para\u00edso, Divin\u00f3polis, Ouro Preto, Jo\u00e3o Monlevade, Governador Valadares, Una\u00ed, Te\u00f3filo Otoni, Salinas, Taiobeiras, Lagoa da Prata e Conselheiro Lafaiete.<\/p>\n<p>Desta forma, o Estado passa a contar com 2.964 novos leitos de UTI. \u201cHoje, a situa\u00e7\u00e3o da estrutura do Estado \u00e9 muito superior \u00e0 situa\u00e7\u00e3o de 90 dias atr\u00e1s, no in\u00edcio da pandemia\u201d, lembrou o governador.<\/p>\n<p>Zema destacou, ainda, que a estrutura de Sa\u00fade de Minas Gerais, principalmente os hospitais da\u00a0Rede Fhemig, est\u00e1 concentrada em Belo Horizonte. Com isso, \u00e9 natural e explicado historicamente que pacientes do interior venham para a capital em busca de tratamentos de maior complexidade.<\/p>\n<p>&#8220;A alega\u00e7\u00e3o de que a capital est\u00e1 sobrecarregada devido a vinda desses pacientes do interior n\u00e3o procede. Essa demanda \u00e9 hist\u00f3rica. O SUS \u00e9 muito anterior ao meu governo. Ali\u00e1s, os hospitais foram constru\u00eddos aqui com essa finalidade&#8221;, explicou.<\/p>\n<p><strong>Fonte:<\/strong> Ag\u00eancia Minas<\/p>\n<\/div>\n<p><\/main><\/p>\n","protected":false},"excerpt":{"rendered":"<p>O governador Romeu Zema anunciou nesta ter\u00e7a-feira\u00a0(16\/6), na Cidade Administrativa, durante coletiva de imprensa virtual, a entrega de 500 respiradores. Deste total, 420 foram adquiridos com recursos da A\u00e7\u00e3o Civil P\u00fablica movida contra a Samarco e suas controladoras (Vale e BHP), a t\u00edtulo de garantia do rompimento da barragem da mineradora em 2015, em Mariana. [&hellip;]<\/p>\n","protected":false},"author":96,"featured_media":162391,"comment_status":"closed","ping_status":"closed","sticky":false,"template":"","format":"standard","meta":{"footnotes":""},"categories":[436,254,439],"tags":[],"class_list":["post-162390","post","type-post","status-publish","format-standard","has-post-thumbnail","hentry","category-destaque-da-semana","category-politica","category-ultima-hora"],"_links":{"self":[{"href":"https:\/\/diarioregionaldigital.com.br\/index.php?rest_route=\/wp\/v2\/posts\/162390","targetHints":{"allow":["GET"]}}],"collection":[{"href":"https:\/\/diarioregionaldigital.com.br\/index.php?rest_route=\/wp\/v2\/posts"}],"about":[{"href":"https:\/\/diarioregionaldigital.com.br\/index.php?rest_route=\/wp\/v2\/types\/post"}],"author":[{"embeddable":true,"href":"https:\/\/diarioregionaldigital.com.br\/index.php?rest_route=\/wp\/v2\/users\/96"}],"replies":[{"embeddable":true,"href":"https:\/\/diarioregionaldigital.com.br\/index.php?rest_route=%2Fwp%2Fv2%2Fcomments&post=162390"}],"version-history":[{"count":0,"href":"https:\/\/diarioregionaldigital.com.br\/index.php?rest_route=\/wp\/v2\/posts\/162390\/revisions"}],"wp:featuredmedia":[{"embeddable":true,"href":"https:\/\/diarioregionaldigital.com.br\/index.php?rest_route=\/wp\/v2\/media\/162391"}],"wp:attachment":[{"href":"https:\/\/diarioregionaldigital.com.br\/index.php?rest_route=%2Fwp%2Fv2%2Fmedia&parent=162390"}],"wp:term":[{"taxonomy":"category","embeddable":true,"href":"https:\/\/diarioregionaldigital.com.br\/index.php?rest_route=%2Fwp%2Fv2%2Fcategories&post=162390"},{"taxonomy":"post_tag","embeddable":true,"href":"https:\/\/diarioregionaldigital.com.br\/index.php?rest_route=%2Fwp%2Fv2%2Ftags&post=162390"}],"curies":[{"name":"wp","href":"https:\/\/api.w.org\/{rel}","templated":true}]}}