{"id":162387,"date":"2020-06-16T18:23:09","date_gmt":"2020-06-16T21:23:09","guid":{"rendered":"https:\/\/diarioregionaldigital.com.br\/?p=162387"},"modified":"2020-06-16T18:38:11","modified_gmt":"2020-06-16T21:38:11","slug":"juiz-de-fora-chega-a-43-mortes-confirmadas-por-coronavirus","status":"publish","type":"post","link":"https:\/\/diarioregionaldigital.com.br\/?p=162387","title":{"rendered":"Juiz de Fora chega a 43 mortes confirmadas por Coronav\u00edrus"},"content":{"rendered":"<p><span style=\"font-weight: 400;\">Segundo o levantamento divulgado nessa ter\u00e7a-feira (16) pela Secretaria de Sa\u00fade (SS) da Prefeitura de Juiz de Fora (PJF), o munic\u00edpio tem 43 mortes confirmadas, 956 casos confirmados e 6.021 suspeitos. Uma das v\u00edtimas era um idoso de 69 anos. Ele morreu no dia 11 de junho e tinha Diabetes Mellitus e Doen\u00e7a Cardiovascular Cr\u00f4nica (DCC). Os outros dois \u00f3bitos foram registados nesta ter\u00e7a, 16, uma idosa de 72 anos e um idoso de 69 anos. Os dois tinham como comorbidade Doen\u00e7a Cardiovascular Cr\u00f4nica (DCC).\u00a0<\/span><\/p>\n","protected":false},"excerpt":{"rendered":"<p>Segundo o levantamento divulgado nessa ter\u00e7a-feira (16) pela Secretaria de Sa\u00fade (SS) da Prefeitura de Juiz de Fora (PJF), o munic\u00edpio tem 43 mortes confirmadas, 956 casos confirmados e 6.021 suspeitos. Uma das v\u00edtimas era um idoso de 69 anos. Ele morreu no dia 11 de junho e tinha Diabetes Mellitus e Doen\u00e7a Cardiovascular Cr\u00f4nica [&hellip;]<\/p>\n","protected":false},"author":96,"featured_media":161787,"comment_status":"closed","ping_status":"closed","sticky":false,"template":"","format":"standard","meta":{"footnotes":""},"categories":[253,436,440,439],"tags":[],"class_list":["post-162387","post","type-post","status-publish","format-standard","has-post-thumbnail","hentry","category-cidade","category-destaque-da-semana","category-destaques-do-dia","category-ultima-hora"],"_links":{"self":[{"href":"https:\/\/diarioregionaldigital.com.br\/index.php?rest_route=\/wp\/v2\/posts\/162387","targetHints":{"allow":["GET"]}}],"collection":[{"href":"https:\/\/diarioregionaldigital.com.br\/index.php?rest_route=\/wp\/v2\/posts"}],"about":[{"href":"https:\/\/diarioregionaldigital.com.br\/index.php?rest_route=\/wp\/v2\/types\/post"}],"author":[{"embeddable":true,"href":"https:\/\/diarioregionaldigital.com.br\/index.php?rest_route=\/wp\/v2\/users\/96"}],"replies":[{"embeddable":true,"href":"https:\/\/diarioregionaldigital.com.br\/index.php?rest_route=%2Fwp%2Fv2%2Fcomments&post=162387"}],"version-history":[{"count":0,"href":"https:\/\/diarioregionaldigital.com.br\/index.php?rest_route=\/wp\/v2\/posts\/162387\/revisions"}],"wp:featuredmedia":[{"embeddable":true,"href":"https:\/\/diarioregionaldigital.com.br\/index.php?rest_route=\/wp\/v2\/media\/161787"}],"wp:attachment":[{"href":"https:\/\/diarioregionaldigital.com.br\/index.php?rest_route=%2Fwp%2Fv2%2Fmedia&parent=162387"}],"wp:term":[{"taxonomy":"category","embeddable":true,"href":"https:\/\/diarioregionaldigital.com.br\/index.php?rest_route=%2Fwp%2Fv2%2Fcategories&post=162387"},{"taxonomy":"post_tag","embeddable":true,"href":"https:\/\/diarioregionaldigital.com.br\/index.php?rest_route=%2Fwp%2Fv2%2Ftags&post=162387"}],"curies":[{"name":"wp","href":"https:\/\/api.w.org\/{rel}","templated":true}]}}