{"id":162384,"date":"2020-06-16T18:16:26","date_gmt":"2020-06-16T21:16:26","guid":{"rendered":"https:\/\/diarioregionaldigital.com.br\/?p=162384"},"modified":"2020-06-16T18:16:26","modified_gmt":"2020-06-16T21:16:26","slug":"especialistas-da-ufjf-orientam-sobre-cuidados-com-pacientes-isolados-em-casa-com-coronavirus","status":"publish","type":"post","link":"https:\/\/diarioregionaldigital.com.br\/?p=162384","title":{"rendered":"Especialistas da UFJF orientam sobre cuidados com pacientes isolados em casa com Coronav\u00edrus"},"content":{"rendered":"<p><span style=\"font-weight: 400;\">Diante da epidemia do Coronav\u00edrus, muitos pacientes ficam isolados em casa para fazer tratamento. Para tratar do assunto, especialistas da Universidade Federal de Juiz de Fora (UFJF), orientam sobre os principais cuidados e quais s\u00e3o os impactos de uma pessoa contaminada convivendo entre familiares.\u00a0<\/span><\/p>\n<p><span style=\"font-weight: 400;\">Um dos principais cuidados que devem ser observados a todo instante, quando se tem paciente contaminado em casa, \u00e9 a higiene. Segundo <\/span><span style=\"font-weight: 400;\">o professor Rodrigo Souza, infectologista do Hospital Universit\u00e1rio (HU\/Ebserh\/UFJF), \u00e9 importante haver precau\u00e7\u00e3o com a higiene do ambiente e limites de espa\u00e7o de conv\u00edvios:<\/span><\/p>\n<p><span style=\"font-weight: 400;\">\u201cAs recomenda\u00e7\u00f5es come\u00e7am no quarto, que deve ser individual e bem ventilado. Em casas pequenas, a pessoa pode ficar isolada em um c\u00f4modo espec\u00edfico. O ideal \u00e9 que a circula\u00e7\u00e3o do paciente seja nula, evitando a contamina\u00e7\u00e3o de outros ambientes. Ele deve ficar separado e com deslocamento limitado. Quando a separa\u00e7\u00e3o de c\u00f4modos n\u00e3o for poss\u00edvel, deve-se manter dist\u00e2ncia de pelo menos um metro dos demais habitantes.\u201d<\/span><\/p>\n<p><span style=\"font-weight: 400;\">Os cuidados com o ambiente se estendem, por exemplo, na necessidade de ter um banheiro exclusivo para a pessoa contaminada. Assim como em outros c\u00f4modos, deve ser feita higieniza\u00e7\u00e3o em todas as superf\u00edcies tocadas, como ma\u00e7anetas de porta e torneiras. A higieniza\u00e7\u00e3o em diversos objetos tocados deve ser feita <\/span><span style=\"font-weight: 400;\">pela pessoa mais saud\u00e1vel e com menos riscos de contamina\u00e7\u00e3o. <\/span><span style=\"font-weight: 400;\">\u00a0<\/span><\/p>\n<p><b>Diagn\u00f3stico do Covid-19<\/b><\/p>\n<p><span style=\"font-weight: 400;\">Conforme o professor Rodrigo Souza, \u00e9 importante o diagn\u00f3stico da doen\u00e7a at\u00e9 mesmo em caso de quarentena em casa. Segundo ele, quanto mais cedo for o diagn\u00f3stico, menor \u00e9 a chance de outras pessoas contra\u00edrem a doen\u00e7a:<\/span><\/p>\n<p><span style=\"font-weight: 400;\">\u201cSe for feito precocemente, existe uma possibilidade de as pessoas n\u00e3o adquirirem a doen\u00e7a, devido \u00e0s separa\u00e7\u00f5es e precau\u00e7\u00f5es que devem ser realizadas. Se o diagn\u00f3stico for feito tardiamente, o risco aumenta. Existem muitos casos em que a pessoa adquire o v\u00edrus quando ainda est\u00e1 assintom\u00e1tica, o que impossibilita essa prepara\u00e7\u00e3o pr\u00e9via.\u201d<\/span><\/p>\n<p><span style=\"font-weight: 400;\">Al\u00e9m disso, o fator psicol\u00f3gico pode ser bastante exigido nessas circunst\u00e2ncias. \u00c9 fundamental que o cuidador do paciente diagnosticado com a doen\u00e7a, busque cuidados essenciais na quest\u00e3o psicol\u00f3gica.<\/span><\/p>\n<p><b>Autocuidado<\/b><\/p>\n<p><span style=\"font-weight: 400;\">Para a psic\u00f3loga e professora da UFJF, Fabiane Rossi, \u00e9 de muita import\u00e2ncia que o cuidador busque m\u00e9todos para amenizar o fator isolamento e trazer bem-estar para o paciente adoecido:<\/span><\/p>\n<p><span style=\"font-weight: 400;\">\u201cCuidar do outro n\u00e3o deve inviabilizar o autocuidado; que inclui a organiza\u00e7\u00e3o de uma rotina de cuidados com o sono e com o corpo (alongamento, exerc\u00edcios adaptados); medita\u00e7\u00e3o; realiza\u00e7\u00e3o de atividades que tragam tranquilidade; e o esfor\u00e7o em evitar o excesso de informa\u00e7\u00f5es e de h\u00e1bitos prejudiciais \u00e0 sa\u00fade, obviamente dentro da realidade de cada fam\u00edlia. No que diz respeito \u00e0 ang\u00fastia decorrente desta viv\u00eancia, \u00e9 importante que o cuidador busque, al\u00e9m de proporcionar os cuidados com a medica\u00e7\u00e3o e alimenta\u00e7\u00e3o, ter espa\u00e7os virtuais de contato e suporte com o familiar adoecido, o que pode amenizar a sensa\u00e7\u00e3o de desamparo, de inseguran\u00e7a e de isolamento para ambas as partes.\u201d, ressalta.<\/span><\/p>\n<p><b>Medo<\/b><\/p>\n<p><span style=\"font-weight: 400;\">Outra quest\u00e3o que pesa durante o isolamento social para o paciente diagnosticado com Coronav\u00edrus \u00e9 o medo. Para a ex-aluna da UFJF, Maria Elisa Diniz, afirma que o medo foi um dos piores impactos psicol\u00f3gicos durante o tratamento contra a doen\u00e7a:<\/span><\/p>\n<p><span style=\"font-weight: 400;\">\u201c<\/span><span style=\"font-weight: 400;\">H\u00e1 uma constante preocupa\u00e7\u00e3o de saber o que pode acontecer com voc\u00ea, o que mexe muito com a nossa cabe\u00e7a. Existe tamb\u00e9m um medo de que as pessoas ao seu redor piorem, a culpa de infectar outras pessoas; um receio muito grande de que qualquer pessoa se aproxime de voc\u00ea\u201d relata.<\/span><\/p>\n<p><span style=\"font-weight: 400;\">Maria Eliza diz que ap\u00f3s sair do hospital, diz que mesmo estar curada da doen\u00e7a, sentiu medo em ficar perto de outras pessoas e diz que ficou trancada no quarto durante um tempo:<\/span><\/p>\n<p><span style=\"font-weight: 400;\">\u201cQuando sa\u00ed do hospital, fiquei literalmente trancada dentro do quarto, pois tinha medo de ficar perto de outras pessoas. Mesmo depois de sair do isolamento, ainda demorei um tempo para conseguir sair de casa para atividades essenciais. O medo \u00e9 um dos sintomas n\u00e3o listados da Covid-19.\u201d<\/span><\/p>\n<p><b>Boletim epidemiol\u00f3gico<\/b><\/p>\n<p><span style=\"font-weight: 400;\">Segundo o levantamento divulgado nessa ter\u00e7a-feira (16) pela Secretaria de Sa\u00fade (SS) da Prefeitura de Juiz de Fora (PJF), o munic\u00edpio tem 43 mortes confirmadas, 956 casos confirmados e 6.021 suspeitos. <\/span><\/p>\n","protected":false},"excerpt":{"rendered":"<p>Diante da epidemia do Coronav\u00edrus, muitos pacientes ficam isolados em casa para fazer tratamento. Para tratar do assunto, especialistas da Universidade Federal de Juiz de Fora (UFJF), orientam sobre os principais cuidados e quais s\u00e3o os impactos de uma pessoa contaminada convivendo entre familiares.\u00a0 Um dos principais cuidados que devem ser observados a todo instante, [&hellip;]<\/p>\n","protected":false},"author":96,"featured_media":162385,"comment_status":"closed","ping_status":"closed","sticky":false,"template":"","format":"standard","meta":{"footnotes":""},"categories":[253,436,440,439],"tags":[],"class_list":["post-162384","post","type-post","status-publish","format-standard","has-post-thumbnail","hentry","category-cidade","category-destaque-da-semana","category-destaques-do-dia","category-ultima-hora"],"_links":{"self":[{"href":"https:\/\/diarioregionaldigital.com.br\/index.php?rest_route=\/wp\/v2\/posts\/162384","targetHints":{"allow":["GET"]}}],"collection":[{"href":"https:\/\/diarioregionaldigital.com.br\/index.php?rest_route=\/wp\/v2\/posts"}],"about":[{"href":"https:\/\/diarioregionaldigital.com.br\/index.php?rest_route=\/wp\/v2\/types\/post"}],"author":[{"embeddable":true,"href":"https:\/\/diarioregionaldigital.com.br\/index.php?rest_route=\/wp\/v2\/users\/96"}],"replies":[{"embeddable":true,"href":"https:\/\/diarioregionaldigital.com.br\/index.php?rest_route=%2Fwp%2Fv2%2Fcomments&post=162384"}],"version-history":[{"count":0,"href":"https:\/\/diarioregionaldigital.com.br\/index.php?rest_route=\/wp\/v2\/posts\/162384\/revisions"}],"wp:featuredmedia":[{"embeddable":true,"href":"https:\/\/diarioregionaldigital.com.br\/index.php?rest_route=\/wp\/v2\/media\/162385"}],"wp:attachment":[{"href":"https:\/\/diarioregionaldigital.com.br\/index.php?rest_route=%2Fwp%2Fv2%2Fmedia&parent=162384"}],"wp:term":[{"taxonomy":"category","embeddable":true,"href":"https:\/\/diarioregionaldigital.com.br\/index.php?rest_route=%2Fwp%2Fv2%2Fcategories&post=162384"},{"taxonomy":"post_tag","embeddable":true,"href":"https:\/\/diarioregionaldigital.com.br\/index.php?rest_route=%2Fwp%2Fv2%2Ftags&post=162384"}],"curies":[{"name":"wp","href":"https:\/\/api.w.org\/{rel}","templated":true}]}}