{"id":162381,"date":"2020-06-16T17:47:10","date_gmt":"2020-06-16T20:47:10","guid":{"rendered":"https:\/\/diarioregionaldigital.com.br\/?p=162381"},"modified":"2020-06-16T17:47:10","modified_gmt":"2020-06-16T20:47:10","slug":"comboio-de-prevencao-contra-o-coronavirus-realiza-servicos-na-feira-do-mariano-procopio","status":"publish","type":"post","link":"https:\/\/diarioregionaldigital.com.br\/?p=162381","title":{"rendered":"Comboio de preven\u00e7\u00e3o contra o Coronav\u00edrus realiza servi\u00e7os na Feira do Mariano Proc\u00f3pio"},"content":{"rendered":"<p><span style=\"font-weight: 400;\">A Guarda Municipal (GM), junto com a Secretaria de Seguran\u00e7a Urbana e Cidadania (Sesuc); agentes de endemias, de Sa\u00fade (SS); e de Transporte e Tr\u00e2nsito (Settra); e fiscais de posturas, de Meio Ambiente e Ordenamento Urbano (Semaur), estiveram na manh\u00e3 de ter\u00e7a-feira (16), na Feira do Mariano Proc\u00f3pio, para dar prosseguimento sobre conscientiza\u00e7\u00e3o do combate ao Coronav\u00edrus.<\/span><\/p>\n<p><span style=\"font-weight: 400;\">Primeiro o comboio percorreu as principais ruas da regi\u00e3o, com mensagem sonora de alerta \u00e0 popula\u00e7\u00e3o sobre os cuidados para evitar prolifera\u00e7\u00e3o da covid-19, as equipes deram in\u00edcio aos trabalhos junto ao p\u00fablico e aos feirantes. Como de praxe, o objetivo foi levar orienta\u00e7\u00e3o sobre medidas de conten\u00e7\u00e3o \u00e0 doen\u00e7a, como uso de m\u00e1scaras e distanciamento social e verificar o cumprimento das normas, como dist\u00e2ncia m\u00ednima de seguran\u00e7a entre cada barraca montada. Durante o ato de conscientiza\u00e7\u00e3o, tr\u00eas feirantes foram notificados por usar m\u00e1scara de forma incorreta.<\/span><\/p>\n<p><span style=\"font-weight: 400;\">Al\u00e9m disso, os membros do comboio fizeram corpo a corpo com o p\u00fablico na feira, oferecendo material gr\u00e1fico explicativo sobre a doen\u00e7a e as normas municipais para seu controle, e conferiram o uso correto de m\u00e1scaras. Poucas pessoas circulavam sem o item de prote\u00e7\u00e3o. Para quem estava sem, a equipe fazia doa\u00e7\u00e3o do material para pronto emprego.<\/span><\/p>\n<p><span style=\"font-weight: 400;\">O comboio de conscientiza\u00e7\u00e3o sobre Coronav\u00edrus, teve in\u00edcio em 18 de maio. Durante toda a semana, o trabalho segue em pontos definidos pela coordena\u00e7\u00e3o do comboio &#8220;Da Vida, Pela Vida&#8221;. A escolha dos locais visitados se baseia nas den\u00fancias recebidas pela Guarda Municipal e Semaur, quanto ao descumprimento das medidas de isolamento e \u00e0s regras de funcionamento do com\u00e9rcio.<\/span><\/p>\n","protected":false},"excerpt":{"rendered":"<p>A Guarda Municipal (GM), junto com a Secretaria de Seguran\u00e7a Urbana e Cidadania (Sesuc); agentes de endemias, de Sa\u00fade (SS); e de Transporte e Tr\u00e2nsito (Settra); e fiscais de posturas, de Meio Ambiente e Ordenamento Urbano (Semaur), estiveram na manh\u00e3 de ter\u00e7a-feira (16), na Feira do Mariano Proc\u00f3pio, para dar prosseguimento sobre conscientiza\u00e7\u00e3o do combate [&hellip;]<\/p>\n","protected":false},"author":96,"featured_media":162382,"comment_status":"closed","ping_status":"closed","sticky":false,"template":"","format":"standard","meta":{"footnotes":""},"categories":[253,436,439],"tags":[],"class_list":["post-162381","post","type-post","status-publish","format-standard","has-post-thumbnail","hentry","category-cidade","category-destaque-da-semana","category-ultima-hora"],"_links":{"self":[{"href":"https:\/\/diarioregionaldigital.com.br\/index.php?rest_route=\/wp\/v2\/posts\/162381","targetHints":{"allow":["GET"]}}],"collection":[{"href":"https:\/\/diarioregionaldigital.com.br\/index.php?rest_route=\/wp\/v2\/posts"}],"about":[{"href":"https:\/\/diarioregionaldigital.com.br\/index.php?rest_route=\/wp\/v2\/types\/post"}],"author":[{"embeddable":true,"href":"https:\/\/diarioregionaldigital.com.br\/index.php?rest_route=\/wp\/v2\/users\/96"}],"replies":[{"embeddable":true,"href":"https:\/\/diarioregionaldigital.com.br\/index.php?rest_route=%2Fwp%2Fv2%2Fcomments&post=162381"}],"version-history":[{"count":0,"href":"https:\/\/diarioregionaldigital.com.br\/index.php?rest_route=\/wp\/v2\/posts\/162381\/revisions"}],"wp:featuredmedia":[{"embeddable":true,"href":"https:\/\/diarioregionaldigital.com.br\/index.php?rest_route=\/wp\/v2\/media\/162382"}],"wp:attachment":[{"href":"https:\/\/diarioregionaldigital.com.br\/index.php?rest_route=%2Fwp%2Fv2%2Fmedia&parent=162381"}],"wp:term":[{"taxonomy":"category","embeddable":true,"href":"https:\/\/diarioregionaldigital.com.br\/index.php?rest_route=%2Fwp%2Fv2%2Fcategories&post=162381"},{"taxonomy":"post_tag","embeddable":true,"href":"https:\/\/diarioregionaldigital.com.br\/index.php?rest_route=%2Fwp%2Fv2%2Ftags&post=162381"}],"curies":[{"name":"wp","href":"https:\/\/api.w.org\/{rel}","templated":true}]}}