{"id":162375,"date":"2020-06-16T17:28:51","date_gmt":"2020-06-16T20:28:51","guid":{"rendered":"https:\/\/diarioregionaldigital.com.br\/?p=162375"},"modified":"2020-06-16T17:28:51","modified_gmt":"2020-06-16T20:28:51","slug":"homem-suspeito-de-matar-esposa-a-facadas-presta-depoimento-para-pcmg","status":"publish","type":"post","link":"https:\/\/diarioregionaldigital.com.br\/?p=162375","title":{"rendered":"Homem suspeito de matar esposa a facadas presta depoimento para PCMG"},"content":{"rendered":"<p><span style=\"font-weight: 400;\">A Pol\u00edcia Civil de Minas Gerais (PCMG), ouviu o depoimento de um homem de 38 anos, que trabalha como vigilante, suspeito de assassinar a pr\u00f3pria esposa, 37 anos, com facadas, na \u00faltima quinta-feira (11) no Bairro Marumbi em Juiz de Fora.\u00a0<\/span><\/p>\n<p><span style=\"font-weight: 400;\">O crime ocorreu ap\u00f3s o casal retornar de uma festa e ao chegarem em sua resid\u00eancia, o homem recebeu fotos em seu celular de uma mulher com o rosto coberto e foi constatado que seria sua esposa e por ci\u00fames lan\u00e7ou m\u00e3o de uma faca e a golpeou. V\u00edtima passou por uma interven\u00e7\u00e3o cir\u00fargica no HPS, contudo, n\u00e3o resistiu aos ferimentos e morreu no local.\u00a0<\/span><\/p>\n<p><span style=\"font-weight: 400;\">Ap\u00f3s o ato criminal, o autor fugiu em uma motocicleta e segundo o Delegado Rodrigo Rolli, o suspeito ficou escondido em uma regi\u00e3o cheia de matagal durante quase quatro dias em Juiz de Fora. Conforme a autoridade policial, o autor confessou o crime e o motivo seria passional:<\/span><\/p>\n<p><span style=\"font-weight: 400;\">\u201cDurante o final de semana, advogados, fizeram tratativos de apresenta\u00e7\u00e3o desse indiv\u00edduo na Delegacia de Homic\u00eddios. Conseguimos efetivamente proceder a sua apresenta\u00e7\u00e3o na segunda-feira (15), por volta de 11h30, onde ele prestou interrogat\u00f3rio e confessou o crime.\u201d<\/span><\/p>\n<p><span style=\"font-weight: 400;\">A autoridade policial diz que o investigado j\u00e1 tinha medida protetiva, a qual foi feita pela pr\u00f3pria esposa no dia 11 de mar\u00e7o. No qual o investigado demonstra conota\u00e7\u00e3o de agressividade.<\/span><\/p>\n<p><span style=\"font-weight: 400;\">Conforme o Delegado, outras tr\u00eas testemunhas foram ouvidas e falta ouvir o filho do casal, adolescente de 15 anos, que presenciou o pai assassinando a m\u00e3e. Al\u00e9m disso, foi solicitado pris\u00e3o tempor\u00e1ria do autor:<\/span><\/p>\n<p><span style=\"font-weight: 400;\">\u201cEntramos em contato com o Poder Judici\u00e1rio, atrav\u00e9s da Vara do Tribunal do J\u00fari, e pleiteamos a pris\u00e3o tempor\u00e1ria do investigado, diante da necessidade, por conta da gravidade da conduta e da forma como foi praticado o crime\u201d, explicou, complementando que a solicita\u00e7\u00e3o foi atendida pelo Judici\u00e1rio e, agora, est\u00e1 sendo aguardado o parecer do Minist\u00e9rio P\u00fablico.\u00a0<\/span><\/p>\n","protected":false},"excerpt":{"rendered":"<p>A Pol\u00edcia Civil de Minas Gerais (PCMG), ouviu o depoimento de um homem de 38 anos, que trabalha como vigilante, suspeito de assassinar a pr\u00f3pria esposa, 37 anos, com facadas, na \u00faltima quinta-feira (11) no Bairro Marumbi em Juiz de Fora.\u00a0 O crime ocorreu ap\u00f3s o casal retornar de uma festa e ao chegarem em [&hellip;]<\/p>\n","protected":false},"author":96,"featured_media":162376,"comment_status":"closed","ping_status":"closed","sticky":false,"template":"","format":"standard","meta":{"footnotes":""},"categories":[301,436,439],"tags":[],"class_list":["post-162375","post","type-post","status-publish","format-standard","has-post-thumbnail","hentry","category-artigos-policiais","category-destaque-da-semana","category-ultima-hora"],"_links":{"self":[{"href":"https:\/\/diarioregionaldigital.com.br\/index.php?rest_route=\/wp\/v2\/posts\/162375","targetHints":{"allow":["GET"]}}],"collection":[{"href":"https:\/\/diarioregionaldigital.com.br\/index.php?rest_route=\/wp\/v2\/posts"}],"about":[{"href":"https:\/\/diarioregionaldigital.com.br\/index.php?rest_route=\/wp\/v2\/types\/post"}],"author":[{"embeddable":true,"href":"https:\/\/diarioregionaldigital.com.br\/index.php?rest_route=\/wp\/v2\/users\/96"}],"replies":[{"embeddable":true,"href":"https:\/\/diarioregionaldigital.com.br\/index.php?rest_route=%2Fwp%2Fv2%2Fcomments&post=162375"}],"version-history":[{"count":0,"href":"https:\/\/diarioregionaldigital.com.br\/index.php?rest_route=\/wp\/v2\/posts\/162375\/revisions"}],"wp:featuredmedia":[{"embeddable":true,"href":"https:\/\/diarioregionaldigital.com.br\/index.php?rest_route=\/wp\/v2\/media\/162376"}],"wp:attachment":[{"href":"https:\/\/diarioregionaldigital.com.br\/index.php?rest_route=%2Fwp%2Fv2%2Fmedia&parent=162375"}],"wp:term":[{"taxonomy":"category","embeddable":true,"href":"https:\/\/diarioregionaldigital.com.br\/index.php?rest_route=%2Fwp%2Fv2%2Fcategories&post=162375"},{"taxonomy":"post_tag","embeddable":true,"href":"https:\/\/diarioregionaldigital.com.br\/index.php?rest_route=%2Fwp%2Fv2%2Ftags&post=162375"}],"curies":[{"name":"wp","href":"https:\/\/api.w.org\/{rel}","templated":true}]}}