{"id":162372,"date":"2020-06-16T16:04:02","date_gmt":"2020-06-16T19:04:02","guid":{"rendered":"https:\/\/diarioregionaldigital.com.br\/?p=162372"},"modified":"2020-06-16T16:04:02","modified_gmt":"2020-06-16T19:04:02","slug":"novo-adiamento-dos-jogos-de-toquio-deve-ser-encorajado-diz-diretor-do-comite-organizador","status":"publish","type":"post","link":"https:\/\/diarioregionaldigital.com.br\/?p=162372","title":{"rendered":"Novo adiamento dos Jogos de T\u00f3quio deve ser encorajado, diz diretor do Comit\u00ea Organizador"},"content":{"rendered":"<p>O diretor do Comit\u00ea Organizador dos Jogos de T\u00f3quio 2020, Haruyuki Takahashi, alertou para a possibilidade de um novo adiamento das Olimp\u00edadas e Paralimp\u00edadas. Mais que isso: disse que, se necess\u00e1rio, ele deve ser &#8220;encorajado&#8221;. As Olimp\u00edadas est\u00e3o marcadas para come\u00e7ar no dia 23 de julho de 2021 e as Paralimp\u00edadasno dia 24 de agosto.<\/p>\n<p>Em depoimento a jornalistas reproduzido pelo di\u00e1rio japon\u00eas Nikkan Sports, Takahashi afirmou que se deve &#8220;evitar o cancelamento&#8221; dos Jogos e avisou que, se isso ocorrer, &#8220;o Jap\u00e3o e a economia mundial ser\u00e3o severamente atingidos&#8221;. Ainda segundo o dirigente, caso a pandemia do Covid-19 ainda n\u00e3o esteja controlada e seja dif\u00edcil manter os eventos nas datas remarcadas, um novo adiamento &#8220;deve ser encorajado&#8221;.<\/p>\n<p>Tanto o governo japon\u00eas quanto o Comit\u00ea Organizador admitiram, mais de uma vez, dificuldade de imaginar uma nova mudan\u00e7a de data para os Jogos. Al\u00e9m dos eventos postergados para 2021, como Mundiais de Atletismo e Esportes Aqu\u00e1ticos, a temporada de 2022 ter\u00e1 ainda a Copa do Mundo de futebol, no Catar, e as Olimp\u00edadas de Inverno, em Pequim (China).<\/p>\n<p>Al\u00e9m disso, a estimativa do di\u00e1rio nip\u00f4nico Nikkei, especializado em economia, \u00e9 de que o j\u00e1 consumado adiamento das disputas em T\u00f3quio para o pr\u00f3ximo ano gere um custo extra de US$ 2,7 bilh\u00f5es (equivalente a aproximadamente R$ 13 bilh\u00f5es) entre manuten\u00e7\u00e3o de estruturas e revis\u00e3o de contratos.<\/p>\n<p>&nbsp;<\/p>\n","protected":false},"excerpt":{"rendered":"<p>O diretor do Comit\u00ea Organizador dos Jogos de T\u00f3quio 2020, Haruyuki Takahashi, alertou para a possibilidade de um novo adiamento das Olimp\u00edadas e Paralimp\u00edadas. Mais que isso: disse que, se necess\u00e1rio, ele deve ser &#8220;encorajado&#8221;. As Olimp\u00edadas est\u00e3o marcadas para come\u00e7ar no dia 23 de julho de 2021 e as Paralimp\u00edadasno dia 24 de agosto. [&hellip;]<\/p>\n","protected":false},"author":96,"featured_media":162373,"comment_status":"closed","ping_status":"closed","sticky":false,"template":"","format":"standard","meta":{"footnotes":""},"categories":[436,257,439],"tags":[],"class_list":["post-162372","post","type-post","status-publish","format-standard","has-post-thumbnail","hentry","category-destaque-da-semana","category-esporte","category-ultima-hora"],"_links":{"self":[{"href":"https:\/\/diarioregionaldigital.com.br\/index.php?rest_route=\/wp\/v2\/posts\/162372","targetHints":{"allow":["GET"]}}],"collection":[{"href":"https:\/\/diarioregionaldigital.com.br\/index.php?rest_route=\/wp\/v2\/posts"}],"about":[{"href":"https:\/\/diarioregionaldigital.com.br\/index.php?rest_route=\/wp\/v2\/types\/post"}],"author":[{"embeddable":true,"href":"https:\/\/diarioregionaldigital.com.br\/index.php?rest_route=\/wp\/v2\/users\/96"}],"replies":[{"embeddable":true,"href":"https:\/\/diarioregionaldigital.com.br\/index.php?rest_route=%2Fwp%2Fv2%2Fcomments&post=162372"}],"version-history":[{"count":0,"href":"https:\/\/diarioregionaldigital.com.br\/index.php?rest_route=\/wp\/v2\/posts\/162372\/revisions"}],"wp:featuredmedia":[{"embeddable":true,"href":"https:\/\/diarioregionaldigital.com.br\/index.php?rest_route=\/wp\/v2\/media\/162373"}],"wp:attachment":[{"href":"https:\/\/diarioregionaldigital.com.br\/index.php?rest_route=%2Fwp%2Fv2%2Fmedia&parent=162372"}],"wp:term":[{"taxonomy":"category","embeddable":true,"href":"https:\/\/diarioregionaldigital.com.br\/index.php?rest_route=%2Fwp%2Fv2%2Fcategories&post=162372"},{"taxonomy":"post_tag","embeddable":true,"href":"https:\/\/diarioregionaldigital.com.br\/index.php?rest_route=%2Fwp%2Fv2%2Ftags&post=162372"}],"curies":[{"name":"wp","href":"https:\/\/api.w.org\/{rel}","templated":true}]}}