{"id":162349,"date":"2020-06-16T11:04:50","date_gmt":"2020-06-16T14:04:50","guid":{"rendered":"https:\/\/diarioregionaldigital.com.br\/?p=162349"},"modified":"2020-06-16T11:04:50","modified_gmt":"2020-06-16T14:04:50","slug":"romeu-zema-assina-acordo-com-a-almg-para-levar-teleaulas-da-rede-estadual-a-cerca-de-mais-80-municipios","status":"publish","type":"post","link":"https:\/\/diarioregionaldigital.com.br\/?p=162349","title":{"rendered":"Romeu Zema assina acordo com a ALMG para levar teleaulas da rede estadual a cerca de mais 80 munic\u00edpios"},"content":{"rendered":"<p>Os alunos da rede estadual de ensino poder\u00e3o assistir ao conte\u00fado do programa \u201cSe Liga na Educa\u00e7\u00e3o\u201d pela TV Assembleia, a partir da pr\u00f3xima segunda-feira (22). O novo canal para exibi\u00e7\u00e3o das teleaulas durante a pandemia do coronav\u00edrus foi anunciado pelo governador Romeu Zema, durante assinatura do termo de coopera\u00e7\u00e3o t\u00e9cnica com a Assembleia Legislativa de Minas Gerais. O acordo vai garantir a amplia\u00e7\u00e3o do acesso a 80 novos munic\u00edpios e impactar mais de 200 mil alunos.<\/p>\n<p>Atualmente, em fun\u00e7\u00e3o do distanciamento social imposto pela covid-19, o ensino da rede estadual \u00e9 oferecido por meio do Regime de Estudo n\u00e3o Presencial que conta com diferentes ferramentas pedag\u00f3gicas e tem como instrumento estruturante o Plano de Estudo Tutorado (PET). Tamb\u00e9m s\u00e3o oferecidos para os estudantes o programa \u201cSe Liga na Educa\u00e7\u00e3o\u201d e o aplicativo Conex\u00e3o Escola, que atuam de forma complementar ao processo de ensino e aprendizagem.<\/p>\n<p><strong>Amplia\u00e7\u00e3o de acesso<\/strong><\/p>\n<p>Romeu Zema destacou a import\u00e2ncia do trabalho conjunto para minimizar os impactos da pandemia do coronav\u00edrus e reafirmou os esfor\u00e7os do\u00a0Executivo\u00a0para ampliar o acesso dos alunos mineiros ao ensino \u00e0 dist\u00e2ncia.<\/p>\n<p>\u201cTemos que agradecer por este conv\u00eanio que vai possibilitar que as aulas n\u00e3o presenciais cheguem a um n\u00famero expressivo de crian\u00e7as, que hoje n\u00e3o foram beneficiadas pelos recursos que oferecemos. Lembrando que j\u00e1 fazemos uso da internet, que \u00e9 o recurso mais utilizado, da\u00a0Rede Minas\u00a0e, agora, da TV Assembleia. E aqueles que n\u00e3o t\u00eam acesso aos tr\u00eas recursos, podem estudar pelas apostilas. A\u00a0Secretaria de Educa\u00e7\u00e3o\u00a0tem feito um esfor\u00e7o enorme para que nenhum aluno fique impedido de ter acesso ao conhecimento. N\u00f3s sabemos que o ensino n\u00e3o presencial n\u00e3o \u00e9 o melhor. Mas \u00e9 o que n\u00f3s conseguimos fazer no momento, diante de um problema que n\u00e3o \u00e9 s\u00f3 de Minas, mas do mundo todo\u201d, afirmou.<\/p>\n<p>O deputado Agostinho Patrus, presidente da ALMG, destacou que a TV Assembleia vai dedicar cinco horas de sua programa\u00e7\u00e3o di\u00e1ria \u00e0 veicula\u00e7\u00e3o dos conte\u00fados, que ser\u00e3o transmitidos em hor\u00e1rios diferentes da Rede Minas, para garantir mais op\u00e7\u00f5es aos alunos.<\/p>\n<p>\u201cAquele que, por ventura, teve algum problema no dia ou alguma dificuldade com o sinal, poder\u00e1 acompanhar as aulas em outros hor\u00e1rios na TV Assembleia. Os alunos infelizmente t\u00eam estado longe das salas de aula, distantes dos professores, do conv\u00edvio com seus amigos e colegas. Esperamos que isso possa ser minimizado atrav\u00e9s das aulas e da transfer\u00eancia de conhecimento. Ao incluir mais alunos nesse imenso desafio de ensinar, estamos dando uma contribui\u00e7\u00e3o importante\u201d, disse.<\/p>\n<p>Tamb\u00e9m participaram da assinatura o secret\u00e1rio de Estado de Governo, Igor Eto; a secret\u00e1ria de Estado de Educa\u00e7\u00e3o, Julia Sant\u2019Anna; e o presidente da Funda\u00e7\u00e3o TV Minas Cultural e Educativa (Rede Minas), S\u00e9rgio Rodrigo Reis. A cerim\u00f4nia contou com a presen\u00e7a virtual dos deputados estaduais e foi transmitida ao vivo pelas redes sociais.<\/p>\n<p><strong>Programa<\/strong><\/p>\n<p>O programa \u201cSe Liga na Educa\u00e7\u00e3o\u201d \u00e9 uma das ferramentas do regime de estudo n\u00e3o presencial oferecido aos alunos da rede p\u00fablica estadual neste momento em que as atividades escolares presenciais est\u00e3o suspensas por tempo indeterminado devido \u00e0 pandemia da Covid-19.<\/p>\n<p>A transmiss\u00e3o do programa pela Rede Minas teve in\u00edcio no dia 18 de maio e, logo nos primeiros dias, se configurou entre os v\u00eddeos mais acessados no Youtube da emissora, plataforma que tamb\u00e9m veicula as teleaulas.<\/p>\n<p>Atualmente, o sinal da Rede Minas est\u00e1 em 271 munic\u00edpios e, com o apoio log\u00edstico da Secretaria de Estado de Educa\u00e7\u00e3o, receptores est\u00e3o sendo entregues para outras cidades mineiras.<\/p>\n<p>A programa\u00e7\u00e3o tamb\u00e9m pode ser vista por meio das antenas parab\u00f3licas que recebem o sinal da emissora via sat\u00e9lite e pelas TVs a cabo, al\u00e9m da transmiss\u00e3o ao vivo pelo site da Rede Minas e pelo Youtube (nos canais da emissora e da Secretaria de Educa\u00e7\u00e3o). Al\u00e9m disso, todos os programas s\u00e3o disponibilizados e podem ser revistos e acessados, posteriormente, no aplicativo Conex\u00e3o Escola, no site\u00a0estudeemcasa.educacao.mg.gov.br.<\/p>\n<p><strong>TV ALMG<\/strong><\/p>\n<p>A emissora da ALMG transmitir\u00e1 as teleaulas nos seguintes hor\u00e1rios:<\/p>\n<p><strong>De segunda a sexta-feira<\/strong><\/p>\n<p><strong>Das 7h \u00e0s 9h<\/strong>\u00a0\u2013 conte\u00fados voltados para o ensino fundamental<\/p>\n<p><strong>Das 19h30 \u00e0s 22h30<\/strong>\u00a0\u2013 conte\u00fados voltados para o ensino m\u00e9dio<\/p>\n<p><strong>Fonte:\u00a0<\/strong>Ag\u00eancia Minas<\/p>\n","protected":false},"excerpt":{"rendered":"<p>Os alunos da rede estadual de ensino poder\u00e3o assistir ao conte\u00fado do programa \u201cSe Liga na Educa\u00e7\u00e3o\u201d pela TV Assembleia, a partir da pr\u00f3xima segunda-feira (22). O novo canal para exibi\u00e7\u00e3o das teleaulas durante a pandemia do coronav\u00edrus foi anunciado pelo governador Romeu Zema, durante assinatura do termo de coopera\u00e7\u00e3o t\u00e9cnica com a Assembleia Legislativa [&hellip;]<\/p>\n","protected":false},"author":96,"featured_media":162350,"comment_status":"closed","ping_status":"closed","sticky":false,"template":"","format":"standard","meta":{"footnotes":""},"categories":[436,254,439],"tags":[],"class_list":["post-162349","post","type-post","status-publish","format-standard","has-post-thumbnail","hentry","category-destaque-da-semana","category-politica","category-ultima-hora"],"_links":{"self":[{"href":"https:\/\/diarioregionaldigital.com.br\/index.php?rest_route=\/wp\/v2\/posts\/162349","targetHints":{"allow":["GET"]}}],"collection":[{"href":"https:\/\/diarioregionaldigital.com.br\/index.php?rest_route=\/wp\/v2\/posts"}],"about":[{"href":"https:\/\/diarioregionaldigital.com.br\/index.php?rest_route=\/wp\/v2\/types\/post"}],"author":[{"embeddable":true,"href":"https:\/\/diarioregionaldigital.com.br\/index.php?rest_route=\/wp\/v2\/users\/96"}],"replies":[{"embeddable":true,"href":"https:\/\/diarioregionaldigital.com.br\/index.php?rest_route=%2Fwp%2Fv2%2Fcomments&post=162349"}],"version-history":[{"count":0,"href":"https:\/\/diarioregionaldigital.com.br\/index.php?rest_route=\/wp\/v2\/posts\/162349\/revisions"}],"wp:featuredmedia":[{"embeddable":true,"href":"https:\/\/diarioregionaldigital.com.br\/index.php?rest_route=\/wp\/v2\/media\/162350"}],"wp:attachment":[{"href":"https:\/\/diarioregionaldigital.com.br\/index.php?rest_route=%2Fwp%2Fv2%2Fmedia&parent=162349"}],"wp:term":[{"taxonomy":"category","embeddable":true,"href":"https:\/\/diarioregionaldigital.com.br\/index.php?rest_route=%2Fwp%2Fv2%2Fcategories&post=162349"},{"taxonomy":"post_tag","embeddable":true,"href":"https:\/\/diarioregionaldigital.com.br\/index.php?rest_route=%2Fwp%2Fv2%2Ftags&post=162349"}],"curies":[{"name":"wp","href":"https:\/\/api.w.org\/{rel}","templated":true}]}}