{"id":162346,"date":"2020-06-16T10:57:20","date_gmt":"2020-06-16T13:57:20","guid":{"rendered":"https:\/\/diarioregionaldigital.com.br\/?p=162346"},"modified":"2020-06-16T10:57:20","modified_gmt":"2020-06-16T13:57:20","slug":"caixa-credita-hoje-e-amanha-primeira-parcela-de-auxilio-emergencial","status":"publish","type":"post","link":"https:\/\/diarioregionaldigital.com.br\/?p=162346","title":{"rendered":"Caixa credita hoje e amanh\u00e3 primeira parcela de aux\u00edlio emergencial"},"content":{"rendered":"<p>A Caixa credita hoje (16) e amanh\u00e3 (17) o pagamento da primeira parcela do aux\u00edlio emergencial do governo federal para mais 4,9 milh\u00f5es de benefici\u00e1rios. Ser\u00e3o disponibilizados R$ 3,2 bilh\u00f5es.<img decoding=\"async\" src=\"https:\/\/agenciabrasil.ebc.com.br\/ebc.png?id=1309628&amp;o=node\" \/><\/p>\n<p>Portaria publicada em edi\u00e7\u00e3o extraordin\u00e1ria do\u00a0<em>Di\u00e1rio Oficial<\/em>\u00a0nesta segunda-feira (15), estabelece o calend\u00e1rio de pagamento para esses benefici\u00e1rios, que se cadastraram entre os dias 1\u00ba e 26 de maio de 2020.<\/p>\n<p>Os benefici\u00e1rios receber\u00e3o os recursos, inicialmente, apenas para o pagamento de contas, de boletos e para realiza\u00e7\u00e3o de compras por meio de cart\u00e3o de d\u00e9bito virtual ou QR Code. J\u00e1 os saques e transfer\u00eancias seguem outro calend\u00e1rio tamb\u00e9m publicado na portaria. Segundo a Caixa, o objetivo \u00e9 evitar concentra\u00e7\u00f5es nos meios digitas e aglomera\u00e7\u00f5es nos pontos de atendimento.<\/p>\n<p>Nesta etapa de pagamentos da primeira parcela do aux\u00edlio emergencial, os benefici\u00e1rios nascidos de janeiro a junho poder\u00e3o movimentar digitalmente os valores pelo Caixa Tem a partir de hoje (16) e os nascidos de julho a dezembro, a partir da quarta-feira (17).<\/p>\n<p>Os benefici\u00e1rios podem consultar se o cadastro foi aprovado no\u00a0<a href=\"http:\/\/www.caixa.gov.br\/auxilio\/Paginas\/default2.aspx\" target=\"_blank\" rel=\"noopener noreferrer\"><em>site<\/em><\/a>.<\/p>\n<p><strong>Saque em esp\u00e9cie<\/strong><\/p>\n<p>Os benefici\u00e1rios que optarem por sacar o benef\u00edcio em esp\u00e9cie dever\u00e3o seguir o calend\u00e1rio escalonado por m\u00eas de anivers\u00e1rio. No caso das transfer\u00eancias, nas datas do calend\u00e1rio, o saldo existente ser\u00e1 transferido automaticamente para a conta que o benefici\u00e1rio indicou, sendo poupan\u00e7a da Caixa ou conta em outro banco.<\/p>\n<p>O in\u00edcio dos saques ser\u00e1 no dia 6 de julho para os nascidos em janeiro. No dia seguinte, 7 de julho, ser\u00e1 a vez dos nascidos em fevereiro. E assim em diante, incluindo os s\u00e1bados, at\u00e9 o dia 18 de julho, para os nascidos em dezembro. N\u00e3o haver\u00e1 libera\u00e7\u00e3o do saque no domingo, 12 de julho.<\/p>\n<p><strong>Atendimento digital<\/strong><\/p>\n<p>O benefici\u00e1rio que recebe pela poupan\u00e7a social digital pode emitir o cart\u00e3o de d\u00e9bito virtual para compras pela internet em\u00a0<em>sites<\/em>\u00a0e aplicativos que aceitam d\u00e9bito. A emiss\u00e3o do cart\u00e3o \u00e9 gratuita e a compra \u00e9 debitada diretamente da conta.<\/p>\n<p>Para gerar o cart\u00e3o, \u00e9 preciso acessar o aplicativo e selecionar a op\u00e7\u00e3o cart\u00e3o de d\u00e9bito virtual, logo na tela inicial e seguir os passos. O aplicativo envia a imagem do cart\u00e3o com os dados para o usu\u00e1rio utilizar na internet.<\/p>\n<p>Para usar o cart\u00e3o de d\u00e9bito virtual basta informar os dados disponibilizados pelo aplicativo. Segundo a Caixa, as compras s\u00e3o seguras porque para cada transa\u00e7\u00e3o \u00e9 gerado um c\u00f3digo de seguran\u00e7a, enquanto nos cart\u00f5es normais o n\u00famero \u00e9 sempre o mesmo. Para as compras recorrentes, o n\u00famero \u00e9 salvo e n\u00e3o \u00e9 preciso gerar um c\u00f3digo a cada compra.<\/p>\n<p><strong>Como pagar nas maquininhas com QR Code<\/strong><\/p>\n<p>Al\u00e9m da possibilidade de uso do cart\u00e3o de d\u00e9bito virtual, que j\u00e1 estava dispon\u00edvel para compras\u00a0<em>online<\/em>, o aplicativo agora oferece a op\u00e7\u00e3o \u201cpague na maquininha\u201d, forma de pagamento digital que pode ser utilizada nos estabelecimentos f\u00edsicos habilitados.<\/p>\n<p>A funcionalidade do Caixa Tem \u00e9 por leitura de QR Code gerado pelas \u201cmaquininhas\u201d dos estabelecimentos e que pode ser escaneado pela maioria dos telefones celulares equipados com c\u00e2mera.<\/p>\n<p>Quando o cliente seleciona a op\u00e7\u00e3o \u201cPague na maquininha\u201d, no aplicativo Caixa Tem, automaticamente a c\u00e2mera do celular \u00e9 aberta. O usu\u00e1rio deve ent\u00e3o apontar o celular para leitura do QR Code gerado na \u201cmaquininha\u201d do estabelecimento.<\/p>\n<p><strong>Fonte:<\/strong> Ag\u00eancia Brasil<\/p>\n","protected":false},"excerpt":{"rendered":"<p>A Caixa credita hoje (16) e amanh\u00e3 (17) o pagamento da primeira parcela do aux\u00edlio emergencial do governo federal para mais 4,9 milh\u00f5es de benefici\u00e1rios. Ser\u00e3o disponibilizados R$ 3,2 bilh\u00f5es. Portaria publicada em edi\u00e7\u00e3o extraordin\u00e1ria do\u00a0Di\u00e1rio Oficial\u00a0nesta segunda-feira (15), estabelece o calend\u00e1rio de pagamento para esses benefici\u00e1rios, que se cadastraram entre os dias 1\u00ba e [&hellip;]<\/p>\n","protected":false},"author":96,"featured_media":162347,"comment_status":"closed","ping_status":"closed","sticky":false,"template":"","format":"standard","meta":{"footnotes":""},"categories":[436,261,439],"tags":[],"class_list":["post-162346","post","type-post","status-publish","format-standard","has-post-thumbnail","hentry","category-destaque-da-semana","category-economia","category-ultima-hora"],"_links":{"self":[{"href":"https:\/\/diarioregionaldigital.com.br\/index.php?rest_route=\/wp\/v2\/posts\/162346","targetHints":{"allow":["GET"]}}],"collection":[{"href":"https:\/\/diarioregionaldigital.com.br\/index.php?rest_route=\/wp\/v2\/posts"}],"about":[{"href":"https:\/\/diarioregionaldigital.com.br\/index.php?rest_route=\/wp\/v2\/types\/post"}],"author":[{"embeddable":true,"href":"https:\/\/diarioregionaldigital.com.br\/index.php?rest_route=\/wp\/v2\/users\/96"}],"replies":[{"embeddable":true,"href":"https:\/\/diarioregionaldigital.com.br\/index.php?rest_route=%2Fwp%2Fv2%2Fcomments&post=162346"}],"version-history":[{"count":0,"href":"https:\/\/diarioregionaldigital.com.br\/index.php?rest_route=\/wp\/v2\/posts\/162346\/revisions"}],"wp:featuredmedia":[{"embeddable":true,"href":"https:\/\/diarioregionaldigital.com.br\/index.php?rest_route=\/wp\/v2\/media\/162347"}],"wp:attachment":[{"href":"https:\/\/diarioregionaldigital.com.br\/index.php?rest_route=%2Fwp%2Fv2%2Fmedia&parent=162346"}],"wp:term":[{"taxonomy":"category","embeddable":true,"href":"https:\/\/diarioregionaldigital.com.br\/index.php?rest_route=%2Fwp%2Fv2%2Fcategories&post=162346"},{"taxonomy":"post_tag","embeddable":true,"href":"https:\/\/diarioregionaldigital.com.br\/index.php?rest_route=%2Fwp%2Fv2%2Ftags&post=162346"}],"curies":[{"name":"wp","href":"https:\/\/api.w.org\/{rel}","templated":true}]}}