{"id":162341,"date":"2020-06-16T10:53:32","date_gmt":"2020-06-16T13:53:32","guid":{"rendered":"https:\/\/diarioregionaldigital.com.br\/?p=162341"},"modified":"2020-06-16T10:53:32","modified_gmt":"2020-06-16T13:53:32","slug":"proposta-obriga-universidades-a-reduzirem-em-30-mensalidade-de-curso-presencial-sem-oferta-online","status":"publish","type":"post","link":"https:\/\/diarioregionaldigital.com.br\/?p=162341","title":{"rendered":"Proposta obriga universidades a reduzirem em 30% mensalidade de curso presencial sem oferta online"},"content":{"rendered":"<p><span style=\"font-weight: 400;\">O Projeto de Lei 1294\/20 obriga as universidades que n\u00e3o adotarem ensino a dist\u00e2ncia de seus cursos presenciais a reduzir em 30% as suas mensalidades enquanto durar a pandemia de Covid-19.<\/span><\/p>\n<p><span style=\"font-weight: 400;\">Al\u00e9m disso, as institui\u00e7\u00f5es dever\u00e3o suspender a cobran\u00e7a das mensalidades por 90 dias, sem juros ou multa. O valor dessas mensalidades dever\u00e1 ser parcelado ao longo do contrato de pagamento do curso, a partir do fim da pandemia.<\/span><\/p>\n<p><span style=\"font-weight: 400;\">Para as que adotarem aulas online, o valor das mensalidades dos cursos presenciais dever\u00e1 ser o mesmo dos cursos de ensino a dist\u00e2ncia (EaD).<\/span><\/p>\n<p><span style=\"font-weight: 400;\">A proposta, da deputada Benedita da Silva (PT-RJ), tramita na C\u00e2mara dos Deputados. Segundo a deputada, o texto busca garantir o direito dos estudantes em n\u00e3o efetuarem o pagamento enquanto n\u00e3o houver servi\u00e7o prestado. \u201c\u00c9 not\u00f3ria a diferen\u00e7a na qualidade, custo, prepara\u00e7\u00e3o entre o ensino presencial e o ensino a dist\u00e2ncia, inclusive o valor da mensalidade\u201d, disse.<\/span><\/p>\n<p><span style=\"font-weight: 400;\">O Comit\u00ea Operativo de Emerg\u00eancias do Minist\u00e9rio da Educa\u00e7\u00e3o permitiu altera\u00e7\u00f5es no calend\u00e1rio escolar com flexibiliza\u00e7\u00e3o de disciplinas para serem dadas remotamente.<\/span><\/p>\n<p><strong>Fonte:\u00a0<\/strong>Ag\u00eancia C\u00e2mara<\/p>\n","protected":false},"excerpt":{"rendered":"<p>O Projeto de Lei 1294\/20 obriga as universidades que n\u00e3o adotarem ensino a dist\u00e2ncia de seus cursos presenciais a reduzir em 30% as suas mensalidades enquanto durar a pandemia de Covid-19. Al\u00e9m disso, as institui\u00e7\u00f5es dever\u00e3o suspender a cobran\u00e7a das mensalidades por 90 dias, sem juros ou multa. O valor dessas mensalidades dever\u00e1 ser parcelado [&hellip;]<\/p>\n","protected":false},"author":96,"featured_media":162344,"comment_status":"closed","ping_status":"closed","sticky":false,"template":"","format":"standard","meta":{"footnotes":""},"categories":[436,261,439],"tags":[],"class_list":["post-162341","post","type-post","status-publish","format-standard","has-post-thumbnail","hentry","category-destaque-da-semana","category-economia","category-ultima-hora"],"_links":{"self":[{"href":"https:\/\/diarioregionaldigital.com.br\/index.php?rest_route=\/wp\/v2\/posts\/162341","targetHints":{"allow":["GET"]}}],"collection":[{"href":"https:\/\/diarioregionaldigital.com.br\/index.php?rest_route=\/wp\/v2\/posts"}],"about":[{"href":"https:\/\/diarioregionaldigital.com.br\/index.php?rest_route=\/wp\/v2\/types\/post"}],"author":[{"embeddable":true,"href":"https:\/\/diarioregionaldigital.com.br\/index.php?rest_route=\/wp\/v2\/users\/96"}],"replies":[{"embeddable":true,"href":"https:\/\/diarioregionaldigital.com.br\/index.php?rest_route=%2Fwp%2Fv2%2Fcomments&post=162341"}],"version-history":[{"count":0,"href":"https:\/\/diarioregionaldigital.com.br\/index.php?rest_route=\/wp\/v2\/posts\/162341\/revisions"}],"wp:featuredmedia":[{"embeddable":true,"href":"https:\/\/diarioregionaldigital.com.br\/index.php?rest_route=\/wp\/v2\/media\/162344"}],"wp:attachment":[{"href":"https:\/\/diarioregionaldigital.com.br\/index.php?rest_route=%2Fwp%2Fv2%2Fmedia&parent=162341"}],"wp:term":[{"taxonomy":"category","embeddable":true,"href":"https:\/\/diarioregionaldigital.com.br\/index.php?rest_route=%2Fwp%2Fv2%2Fcategories&post=162341"},{"taxonomy":"post_tag","embeddable":true,"href":"https:\/\/diarioregionaldigital.com.br\/index.php?rest_route=%2Fwp%2Fv2%2Ftags&post=162341"}],"curies":[{"name":"wp","href":"https:\/\/api.w.org\/{rel}","templated":true}]}}