{"id":162338,"date":"2020-06-16T10:36:41","date_gmt":"2020-06-16T13:36:41","guid":{"rendered":"https:\/\/diarioregionaldigital.com.br\/?p=162338"},"modified":"2020-06-16T10:36:41","modified_gmt":"2020-06-16T13:36:41","slug":"doacoes-de-produtos-e-dinheiro-para-combate-a-covid-19-ficam-isentas-de-itcd-em-minas","status":"publish","type":"post","link":"https:\/\/diarioregionaldigital.com.br\/?p=162338","title":{"rendered":"Doa\u00e7\u00f5es de produtos e dinheiro para combate \u00e0 covid-19 ficam isentas de ITCD em Minas"},"content":{"rendered":"<p><span style=\"font-weight: 400;\">As doa\u00e7\u00f5es de produtos e dinheiro para aquisi\u00e7\u00e3o de bens a serem utilizados na preven\u00e7\u00e3o e no enfrentamento da pandemia de covid-19, em Minas Gerais, est\u00e3o isentas do Imposto sobre Transmiss\u00e3o Causa Mortis e Doa\u00e7\u00e3o de Quaisquer Bens ou Direitos (ITCD), no per\u00edodo de 9 de junho a 31 de dezembro de 2020 &#8211; ou at\u00e9 que seja decretado o fim do estado de calamidade p\u00fablica. Est\u00e3o aptos a receber as doa\u00e7\u00f5es hospitais privados e institui\u00e7\u00f5es privadas mantenedoras ou patrocinadoras de hospitais de campanha.<\/span><\/p>\n<p><span style=\"font-weight: 400;\">As condi\u00e7\u00f5es do benef\u00edcio e a lista dos bens sujeitos \u00e0 isen\u00e7\u00e3o constam do Decreto 47.976, de 8\/6\/2020, publicado no Di\u00e1rio Oficial de 9 de junho. Alguns exemplos de insumos que podem ser doados s\u00e3o \u00e1lcool, medicamentos, artigos de laborat\u00f3rio, farm\u00e1cia e uso cir\u00fargico, vestu\u00e1rio e acess\u00f3rios de prote\u00e7\u00e3o, dentre dezenas de outros que se encontram especificados no decreto, que regulamenta a Lei 23.637, de 30 de abril de 2020. No caso do recebimento de valor em dinheiro, ser\u00e1 necess\u00e1rio comprovar a aquisi\u00e7\u00e3o de bens utilizados no combate \u00e0 covid-19.<\/span><\/p>\n<p><span style=\"font-weight: 400;\">A entidade que receber os donativos dever\u00e1 preencher e gerar a Declara\u00e7\u00e3o de Bens e Direitos, por meio do Sistema Integrado de Administra\u00e7\u00e3o da Receita Estadual (Siare), disponibilizado no site da Secretaria de Estado de Fazenda, no prazo de at\u00e9 15 dias contados da data da assinatura do ato que formalizar a doa\u00e7\u00e3o.<\/span><\/p>\n<p><strong>Fonte:<\/strong> Ag\u00eancia Minas<\/p>\n","protected":false},"excerpt":{"rendered":"<p>As doa\u00e7\u00f5es de produtos e dinheiro para aquisi\u00e7\u00e3o de bens a serem utilizados na preven\u00e7\u00e3o e no enfrentamento da pandemia de covid-19, em Minas Gerais, est\u00e3o isentas do Imposto sobre Transmiss\u00e3o Causa Mortis e Doa\u00e7\u00e3o de Quaisquer Bens ou Direitos (ITCD), no per\u00edodo de 9 de junho a 31 de dezembro de 2020 &#8211; ou [&hellip;]<\/p>\n","protected":false},"author":96,"featured_media":162339,"comment_status":"closed","ping_status":"closed","sticky":false,"template":"","format":"standard","meta":{"footnotes":""},"categories":[436,440,254,439],"tags":[],"class_list":["post-162338","post","type-post","status-publish","format-standard","has-post-thumbnail","hentry","category-destaque-da-semana","category-destaques-do-dia","category-politica","category-ultima-hora"],"_links":{"self":[{"href":"https:\/\/diarioregionaldigital.com.br\/index.php?rest_route=\/wp\/v2\/posts\/162338","targetHints":{"allow":["GET"]}}],"collection":[{"href":"https:\/\/diarioregionaldigital.com.br\/index.php?rest_route=\/wp\/v2\/posts"}],"about":[{"href":"https:\/\/diarioregionaldigital.com.br\/index.php?rest_route=\/wp\/v2\/types\/post"}],"author":[{"embeddable":true,"href":"https:\/\/diarioregionaldigital.com.br\/index.php?rest_route=\/wp\/v2\/users\/96"}],"replies":[{"embeddable":true,"href":"https:\/\/diarioregionaldigital.com.br\/index.php?rest_route=%2Fwp%2Fv2%2Fcomments&post=162338"}],"version-history":[{"count":0,"href":"https:\/\/diarioregionaldigital.com.br\/index.php?rest_route=\/wp\/v2\/posts\/162338\/revisions"}],"wp:featuredmedia":[{"embeddable":true,"href":"https:\/\/diarioregionaldigital.com.br\/index.php?rest_route=\/wp\/v2\/media\/162339"}],"wp:attachment":[{"href":"https:\/\/diarioregionaldigital.com.br\/index.php?rest_route=%2Fwp%2Fv2%2Fmedia&parent=162338"}],"wp:term":[{"taxonomy":"category","embeddable":true,"href":"https:\/\/diarioregionaldigital.com.br\/index.php?rest_route=%2Fwp%2Fv2%2Fcategories&post=162338"},{"taxonomy":"post_tag","embeddable":true,"href":"https:\/\/diarioregionaldigital.com.br\/index.php?rest_route=%2Fwp%2Fv2%2Ftags&post=162338"}],"curies":[{"name":"wp","href":"https:\/\/api.w.org\/{rel}","templated":true}]}}