{"id":162334,"date":"2020-06-16T10:29:25","date_gmt":"2020-06-16T13:29:25","guid":{"rendered":"https:\/\/diarioregionaldigital.com.br\/?p=162334"},"modified":"2020-06-16T10:39:44","modified_gmt":"2020-06-16T13:39:44","slug":"covid-19-minas-gerais-tem-22-024-casos-confirmados-e-502-mortes","status":"publish","type":"post","link":"https:\/\/diarioregionaldigital.com.br\/?p=162334","title":{"rendered":"Covid-19: Minas Gerais tem 502 mortes confirmadas"},"content":{"rendered":"<p>A Secretaria de Estado da Sa\u00fade de Minas Gerais (SES-MG), confirmou em <a href=\"https:\/\/www.saude.mg.gov.br\/images\/noticias_e_eventos\/000_2020\/Boletins_Corona\/Boletim_Epidemiologico_COVID-19_16.06.2020.pdf\">boletim epidemiol\u00f3gico<\/a> divulgado hoje (16), que houve aumento de 21.728 para 22.024 casos confirmados por Coronav\u00edrus. Al\u00e9m disso, os \u00f3bitos confirmados subiram de 481 para 502 e 11.826 pacientes est\u00e3o recuperados.<\/p>\n<p>As mortes confirmadas no boletim atualizado, foram confirmadas em: Belo Horizonte, Uberl\u00e2ndia, Caranda\u00ed, Itajub\u00e1, C\u00f3rrego de Bom Jesus, Betim, Morro da Gra\u00e7a, Naque, Belo Oriente e Ipatinga.<\/p>\n<p>Conforme o levantamento, foram feitos 28.999 testes laboratoriais, sendo que 3.478 deram resultado positivo, 24.517 deram negativo e 687 est\u00e3o sob an\u00e1lise.<\/p>\n<p><a href=\"https:\/\/diarioregionaldigital.com.br\/wp-content\/uploads\/2020\/06\/OBITOS_CONF_COVID-19_MG_16.06.2020.xls\">OBITOS_CONF_COVID-19_MG_16.06.2020<\/a><\/p>\n<p>&nbsp;<\/p>\n","protected":false},"excerpt":{"rendered":"<p>A Secretaria de Estado da Sa\u00fade de Minas Gerais (SES-MG), confirmou em boletim epidemiol\u00f3gico divulgado hoje (16), que houve aumento de 21.728 para 22.024 casos confirmados por Coronav\u00edrus. Al\u00e9m disso, os \u00f3bitos confirmados subiram de 481 para 502 e 11.826 pacientes est\u00e3o recuperados. As mortes confirmadas no boletim atualizado, foram confirmadas em: Belo Horizonte, Uberl\u00e2ndia, [&hellip;]<\/p>\n","protected":false},"author":96,"featured_media":160914,"comment_status":"closed","ping_status":"closed","sticky":false,"template":"","format":"standard","meta":{"footnotes":""},"categories":[436,440,252,439],"tags":[],"class_list":["post-162334","post","type-post","status-publish","format-standard","has-post-thumbnail","hentry","category-destaque-da-semana","category-destaques-do-dia","category-regiao","category-ultima-hora"],"_links":{"self":[{"href":"https:\/\/diarioregionaldigital.com.br\/index.php?rest_route=\/wp\/v2\/posts\/162334","targetHints":{"allow":["GET"]}}],"collection":[{"href":"https:\/\/diarioregionaldigital.com.br\/index.php?rest_route=\/wp\/v2\/posts"}],"about":[{"href":"https:\/\/diarioregionaldigital.com.br\/index.php?rest_route=\/wp\/v2\/types\/post"}],"author":[{"embeddable":true,"href":"https:\/\/diarioregionaldigital.com.br\/index.php?rest_route=\/wp\/v2\/users\/96"}],"replies":[{"embeddable":true,"href":"https:\/\/diarioregionaldigital.com.br\/index.php?rest_route=%2Fwp%2Fv2%2Fcomments&post=162334"}],"version-history":[{"count":0,"href":"https:\/\/diarioregionaldigital.com.br\/index.php?rest_route=\/wp\/v2\/posts\/162334\/revisions"}],"wp:featuredmedia":[{"embeddable":true,"href":"https:\/\/diarioregionaldigital.com.br\/index.php?rest_route=\/wp\/v2\/media\/160914"}],"wp:attachment":[{"href":"https:\/\/diarioregionaldigital.com.br\/index.php?rest_route=%2Fwp%2Fv2%2Fmedia&parent=162334"}],"wp:term":[{"taxonomy":"category","embeddable":true,"href":"https:\/\/diarioregionaldigital.com.br\/index.php?rest_route=%2Fwp%2Fv2%2Fcategories&post=162334"},{"taxonomy":"post_tag","embeddable":true,"href":"https:\/\/diarioregionaldigital.com.br\/index.php?rest_route=%2Fwp%2Fv2%2Ftags&post=162334"}],"curies":[{"name":"wp","href":"https:\/\/api.w.org\/{rel}","templated":true}]}}