{"id":162324,"date":"2020-06-16T06:00:39","date_gmt":"2020-06-16T09:00:39","guid":{"rendered":"https:\/\/diarioregionaldigital.com.br\/?p=162324"},"modified":"2020-06-15T23:28:18","modified_gmt":"2020-06-16T02:28:18","slug":"pingue-pongue","status":"publish","type":"post","link":"https:\/\/diarioregionaldigital.com.br\/?p=162324","title":{"rendered":"Pingue-Pongue"},"content":{"rendered":"<p style=\"text-align: center;\"><strong>Livro<\/strong><\/p>\n<p style=\"text-align: center;\">Durante isolamento social este colunista leu o livro \u201cUma dor t\u00e3o doce\u201d do escritor brit\u00e2nico David Nicholls. Instigante e realista, o escritor explora as ang\u00fastias e paix\u00f5es adolescentes em novo livro e prev\u00ea que, ao fim da pandemia o mundo deve entrar \u2018numa era de contato f\u00edsico selvagem e decadente\u2019.<\/p>\n<p style=\"text-align: center;\"><strong>Ele Merece<\/strong><\/p>\n<p style=\"text-align: center;\">O din\u00e2mico coronel Rodrigo de Souza Rodrigues assumiu o cargo de comandante-geral da Policia Militar de Minas Gerais na vaga deixada pelo coronel Giovane da Silva, que assumiu a presid\u00eancia da Funasa, no Governo Federal.<\/p>\n<p style=\"text-align: center;\"><strong>Letras<\/strong><\/p>\n<p style=\"text-align: center;\">Colocando os pontos nos i, o escritor Daniel Soctelano fez sua estreia liter\u00e1ria lan\u00e7ando no site da Editora Paratexto, o livro \u201cAo c\u00e9u pertencem as aves\u201d, com ilustra\u00e7\u00f5es de Douglas Zimmermann.<\/p>\n<p style=\"text-align: center;\"><strong>Pingue-Pongue<\/strong><\/p>\n<p style=\"text-align: center;\">Em tempos de pandemia, o d\u00f3lar alto ajuda de um lado e prejudica do outro. Para ficar sabendo, a valoriza\u00e7\u00e3o do c\u00e2mbio acima de 30% este ano favorece o faturamento de exportadores de produtos agr\u00edcolas como a soja, mas muitos sofrem efeito contr\u00e1rio nos custos com insumos importados e d\u00edvidas em moeda estrangeira.<\/p>\n<p style=\"text-align: center;\"><span style=\"font-size: 14pt;\"><strong>Para Refletir<\/strong><\/span><\/p>\n<p>Em tempo de pandemia, gostaria que um inqu\u00e9rito fosse aberto e, se poss\u00edvel, reaver o que me foi tirado. N\u00e3o \u00e9 pouco. Eu vivia melhor. Eu era mais alegre. Reconhecia os problemas do Brasil, mas ainda gostava de morar aqui. E tamb\u00e9m achava que seria mais feliz morando em certas cidades do mundo. Agora nenhum lugar me parece ideal \u2013 a n\u00e3o ser a tal casa isolada em algum ponto distante: fantasias resistem a qualquer v\u00edrus. (Martha Medeiros)<\/p>\n<div id=\"attachment_162312\" style=\"width: 690px\" class=\"wp-caption aligncenter\"><img loading=\"lazy\" decoding=\"async\" aria-describedby=\"caption-attachment-162312\" class=\"wp-image-162312\" src=\"https:\/\/diarioregionaldigital.com.br\/wp-content\/uploads\/2020\/06\/fotoa-8-e1592271654287.jpg\" alt=\"\" width=\"680\" height=\"542\" srcset=\"https:\/\/diarioregionaldigital.com.br\/wp-content\/uploads\/2020\/06\/fotoa-8-e1592271654287.jpg 1230w, https:\/\/diarioregionaldigital.com.br\/wp-content\/uploads\/2020\/06\/fotoa-8-e1592271654287-300x239.jpg 300w, https:\/\/diarioregionaldigital.com.br\/wp-content\/uploads\/2020\/06\/fotoa-8-e1592271654287-1024x816.jpg 1024w, https:\/\/diarioregionaldigital.com.br\/wp-content\/uploads\/2020\/06\/fotoa-8-e1592271654287-768x612.jpg 768w, https:\/\/diarioregionaldigital.com.br\/wp-content\/uploads\/2020\/06\/fotoa-8-e1592271654287-360x287.jpg 360w\" sizes=\"auto, (max-width: 680px) 100vw, 680px\" \/><p id=\"caption-attachment-162312\" class=\"wp-caption-text\">O inverno capotante da bel\u00edssima juiz-forana Bruna Siqueira<\/p><\/div>\n<div id=\"attachment_162313\" style=\"width: 690px\" class=\"wp-caption aligncenter\"><img loading=\"lazy\" decoding=\"async\" aria-describedby=\"caption-attachment-162313\" class=\"wp-image-162313\" src=\"https:\/\/diarioregionaldigital.com.br\/wp-content\/uploads\/2020\/06\/fotoaaa-e1592271937317.jpeg\" alt=\"\" width=\"680\" height=\"408\" srcset=\"https:\/\/diarioregionaldigital.com.br\/wp-content\/uploads\/2020\/06\/fotoaaa-e1592271937317.jpeg 1193w, https:\/\/diarioregionaldigital.com.br\/wp-content\/uploads\/2020\/06\/fotoaaa-e1592271937317-300x180.jpeg 300w, https:\/\/diarioregionaldigital.com.br\/wp-content\/uploads\/2020\/06\/fotoaaa-e1592271937317-1024x615.jpeg 1024w, https:\/\/diarioregionaldigital.com.br\/wp-content\/uploads\/2020\/06\/fotoaaa-e1592271937317-768x461.jpeg 768w, https:\/\/diarioregionaldigital.com.br\/wp-content\/uploads\/2020\/06\/fotoaaa-e1592271937317-360x216.jpeg 360w\" sizes=\"auto, (max-width: 680px) 100vw, 680px\" \/><p id=\"caption-attachment-162313\" class=\"wp-caption-text\">Seguindo orienta\u00e7\u00e3o da OMS e usando m\u00e1scaras do estilista Carlos Elias, Erika Beire, Eduardo Gomes e Lidiane Stambassi<\/p><\/div>\n<div id=\"attachment_162314\" style=\"width: 690px\" class=\"wp-caption aligncenter\"><img loading=\"lazy\" decoding=\"async\" aria-describedby=\"caption-attachment-162314\" class=\"wp-image-162314\" src=\"https:\/\/diarioregionaldigital.com.br\/wp-content\/uploads\/2020\/06\/fotob-8-e1592273363177.jpg\" alt=\"\" width=\"680\" height=\"520\" srcset=\"https:\/\/diarioregionaldigital.com.br\/wp-content\/uploads\/2020\/06\/fotob-8-e1592273363177.jpg 1411w, https:\/\/diarioregionaldigital.com.br\/wp-content\/uploads\/2020\/06\/fotob-8-e1592273363177-300x230.jpg 300w, https:\/\/diarioregionaldigital.com.br\/wp-content\/uploads\/2020\/06\/fotob-8-e1592273363177-1024x784.jpg 1024w, https:\/\/diarioregionaldigital.com.br\/wp-content\/uploads\/2020\/06\/fotob-8-e1592273363177-768x588.jpg 768w, https:\/\/diarioregionaldigital.com.br\/wp-content\/uploads\/2020\/06\/fotob-8-e1592273363177-360x276.jpg 360w\" sizes=\"auto, (max-width: 680px) 100vw, 680px\" \/><p id=\"caption-attachment-162314\" class=\"wp-caption-text\">Terra \u00e0 vista com o ator e personal Ricardo Barros em temporada carioca<\/p><\/div>\n<div id=\"attachment_162315\" style=\"width: 690px\" class=\"wp-caption aligncenter\"><img loading=\"lazy\" decoding=\"async\" aria-describedby=\"caption-attachment-162315\" class=\"wp-image-162315\" src=\"https:\/\/diarioregionaldigital.com.br\/wp-content\/uploads\/2020\/06\/fotobb.jpeg\" alt=\"\" width=\"680\" height=\"480\" srcset=\"https:\/\/diarioregionaldigital.com.br\/wp-content\/uploads\/2020\/06\/fotobb.jpeg 1280w, https:\/\/diarioregionaldigital.com.br\/wp-content\/uploads\/2020\/06\/fotobb-300x212.jpeg 300w, https:\/\/diarioregionaldigital.com.br\/wp-content\/uploads\/2020\/06\/fotobb-1024x722.jpeg 1024w, https:\/\/diarioregionaldigital.com.br\/wp-content\/uploads\/2020\/06\/fotobb-768x542.jpeg 768w, https:\/\/diarioregionaldigital.com.br\/wp-content\/uploads\/2020\/06\/fotobb-750x530.jpeg 750w, https:\/\/diarioregionaldigital.com.br\/wp-content\/uploads\/2020\/06\/fotobb-360x254.jpeg 360w, https:\/\/diarioregionaldigital.com.br\/wp-content\/uploads\/2020\/06\/fotobb-100x70.jpeg 100w\" sizes=\"auto, (max-width: 680px) 100vw, 680px\" \/><p id=\"caption-attachment-162315\" class=\"wp-caption-text\">Sempre envolvidos com projetos sociais Ana Paula Backx, Ant\u00f4nio Carlos Est\u00eav\u00e3o (Abrigo Santa Helena) e \u00darsula Fonseca<\/p><\/div>\n<div id=\"attachment_162316\" style=\"width: 690px\" class=\"wp-caption aligncenter\"><img loading=\"lazy\" decoding=\"async\" aria-describedby=\"caption-attachment-162316\" class=\"wp-image-162316\" src=\"https:\/\/diarioregionaldigital.com.br\/wp-content\/uploads\/2020\/06\/fotoc-7-e1592273397527.jpg\" alt=\"\" width=\"680\" height=\"520\" srcset=\"https:\/\/diarioregionaldigital.com.br\/wp-content\/uploads\/2020\/06\/fotoc-7-e1592273397527.jpg 960w, https:\/\/diarioregionaldigital.com.br\/wp-content\/uploads\/2020\/06\/fotoc-7-e1592273397527-300x229.jpg 300w, https:\/\/diarioregionaldigital.com.br\/wp-content\/uploads\/2020\/06\/fotoc-7-e1592273397527-768x587.jpg 768w, https:\/\/diarioregionaldigital.com.br\/wp-content\/uploads\/2020\/06\/fotoc-7-e1592273397527-360x275.jpg 360w\" sizes=\"auto, (max-width: 680px) 100vw, 680px\" \/><p id=\"caption-attachment-162316\" class=\"wp-caption-text\">A bonita jornalista Camila Miranda em close durante isolamento social<\/p><\/div>\n<div id=\"attachment_162318\" style=\"width: 690px\" class=\"wp-caption aligncenter\"><img loading=\"lazy\" decoding=\"async\" aria-describedby=\"caption-attachment-162318\" class=\"wp-image-162318\" src=\"https:\/\/diarioregionaldigital.com.br\/wp-content\/uploads\/2020\/06\/fotof-9-e1592273438861.jpg\" alt=\"\" width=\"680\" height=\"536\" srcset=\"https:\/\/diarioregionaldigital.com.br\/wp-content\/uploads\/2020\/06\/fotof-9-e1592273438861.jpg 688w, https:\/\/diarioregionaldigital.com.br\/wp-content\/uploads\/2020\/06\/fotof-9-e1592273438861-300x236.jpg 300w, https:\/\/diarioregionaldigital.com.br\/wp-content\/uploads\/2020\/06\/fotof-9-e1592273438861-360x284.jpg 360w\" sizes=\"auto, (max-width: 680px) 100vw, 680px\" \/><p id=\"caption-attachment-162318\" class=\"wp-caption-text\">Mulheres empoderadas: Marcella Falabella e Marcinha Falabella<\/p><\/div>\n<div id=\"attachment_162319\" style=\"width: 690px\" class=\"wp-caption aligncenter\"><img loading=\"lazy\" decoding=\"async\" aria-describedby=\"caption-attachment-162319\" class=\"wp-image-162319\" src=\"https:\/\/diarioregionaldigital.com.br\/wp-content\/uploads\/2020\/06\/fotog-8-e1592273474877.jpg\" alt=\"\" width=\"680\" height=\"493\" srcset=\"https:\/\/diarioregionaldigital.com.br\/wp-content\/uploads\/2020\/06\/fotog-8-e1592273474877.jpg 705w, https:\/\/diarioregionaldigital.com.br\/wp-content\/uploads\/2020\/06\/fotog-8-e1592273474877-300x217.jpg 300w, https:\/\/diarioregionaldigital.com.br\/wp-content\/uploads\/2020\/06\/fotog-8-e1592273474877-360x261.jpg 360w\" sizes=\"auto, (max-width: 680px) 100vw, 680px\" \/><p id=\"caption-attachment-162319\" class=\"wp-caption-text\">Na Hotel Green Hill, a bonita Stael Santana<\/p><\/div>\n<div id=\"attachment_162311\" style=\"width: 690px\" class=\"wp-caption aligncenter\"><img loading=\"lazy\" decoding=\"async\" aria-describedby=\"caption-attachment-162311\" class=\"wp-image-162311\" src=\"https:\/\/diarioregionaldigital.com.br\/wp-content\/uploads\/2020\/06\/foto-1-e1592271618166.jpg\" alt=\"\" width=\"680\" height=\"484\" srcset=\"https:\/\/diarioregionaldigital.com.br\/wp-content\/uploads\/2020\/06\/foto-1-e1592271618166.jpg 705w, https:\/\/diarioregionaldigital.com.br\/wp-content\/uploads\/2020\/06\/foto-1-e1592271618166-300x214.jpg 300w, https:\/\/diarioregionaldigital.com.br\/wp-content\/uploads\/2020\/06\/foto-1-e1592271618166-360x256.jpg 360w, https:\/\/diarioregionaldigital.com.br\/wp-content\/uploads\/2020\/06\/foto-1-e1592271618166-100x70.jpg 100w\" sizes=\"auto, (max-width: 680px) 100vw, 680px\" \/><p id=\"caption-attachment-162311\" class=\"wp-caption-text\">Na feijoada do Bar do Futrica, Sidnei Vieira e Ranato Souza<\/p><\/div>\n<div id=\"attachment_162321\" style=\"width: 690px\" class=\"wp-caption aligncenter\"><img loading=\"lazy\" decoding=\"async\" aria-describedby=\"caption-attachment-162321\" class=\"wp-image-162321\" src=\"https:\/\/diarioregionaldigital.com.br\/wp-content\/uploads\/2020\/06\/fotoi-8-e1592273592462.jpg\" alt=\"\" width=\"680\" height=\"537\" srcset=\"https:\/\/diarioregionaldigital.com.br\/wp-content\/uploads\/2020\/06\/fotoi-8-e1592273592462.jpg 1536w, https:\/\/diarioregionaldigital.com.br\/wp-content\/uploads\/2020\/06\/fotoi-8-e1592273592462-300x237.jpg 300w, https:\/\/diarioregionaldigital.com.br\/wp-content\/uploads\/2020\/06\/fotoi-8-e1592273592462-1024x809.jpg 1024w, https:\/\/diarioregionaldigital.com.br\/wp-content\/uploads\/2020\/06\/fotoi-8-e1592273592462-768x607.jpg 768w, https:\/\/diarioregionaldigital.com.br\/wp-content\/uploads\/2020\/06\/fotoi-8-e1592273592462-360x284.jpg 360w\" sizes=\"auto, (max-width: 680px) 100vw, 680px\" \/><p id=\"caption-attachment-162321\" class=\"wp-caption-text\">O conceituado advogado Val\u00e9rio Ribeiro no c\u00e9u de brigadeiro<\/p><\/div>\n<div id=\"attachment_162320\" style=\"width: 690px\" class=\"wp-caption aligncenter\"><img loading=\"lazy\" decoding=\"async\" aria-describedby=\"caption-attachment-162320\" class=\"wp-image-162320\" src=\"https:\/\/diarioregionaldigital.com.br\/wp-content\/uploads\/2020\/06\/fotoh-9-e1592273548850.jpg\" alt=\"\" width=\"680\" height=\"488\" srcset=\"https:\/\/diarioregionaldigital.com.br\/wp-content\/uploads\/2020\/06\/fotoh-9-e1592273548850.jpg 1556w, https:\/\/diarioregionaldigital.com.br\/wp-content\/uploads\/2020\/06\/fotoh-9-e1592273548850-300x215.jpg 300w, https:\/\/diarioregionaldigital.com.br\/wp-content\/uploads\/2020\/06\/fotoh-9-e1592273548850-1024x734.jpg 1024w, https:\/\/diarioregionaldigital.com.br\/wp-content\/uploads\/2020\/06\/fotoh-9-e1592273548850-768x551.jpg 768w, https:\/\/diarioregionaldigital.com.br\/wp-content\/uploads\/2020\/06\/fotoh-9-e1592273548850-1536x1102.jpg 1536w, https:\/\/diarioregionaldigital.com.br\/wp-content\/uploads\/2020\/06\/fotoh-9-e1592273548850-360x258.jpg 360w\" sizes=\"auto, (max-width: 680px) 100vw, 680px\" \/><p id=\"caption-attachment-162320\" class=\"wp-caption-text\">No t\u00fanel do tempo em Ibitipoca, os lindos: Eduardo Saleme, Nat\u00e1lia Moreira, Fernanda Pasquine, Guilherme Lawall e Marcela Miranda<\/p><\/div>\n<p style=\"text-align: center;\"><strong>FOTOSS\u00cdNTESE<\/strong><\/p>\n<p>Uma linda loja foi montada com nome Los pets Salon por Marcelo Leonel e para Thais Leonel. L\u00e1 tem tudo para banho e tosa e 20% no primeiro banho. Fica na rua: Am\u00e9rico Lobo, 1515, no Bair\u00fa. O fone para marcar \u00e9 99168-8146.<\/p>\n<p>Causou impacto a live da doutora em teoria psican\u00e1lise e professora da Est\u00e1cio Val\u00e9ria Wanda Fonseca com o tema \u201cA psican\u00e1lise na quarentena de que sofremos se estamos nos cuidando?\u201d. Foi pela plataforma Zoom.<\/p>\n<p>O coiffeur das estrelas Jorge Modesto j\u00e1 est\u00e1 atuando em seu novo endere\u00e7o no Sal\u00e3o Giovane &amp; Equipe. Fica na rua: Dr.R\u00f4mualdo, n\u00ba 351, com fone:3213-5010.<\/p>\n<p>Din\u00e2mico e esfor\u00e7ado, o moreno Leonardo Jesus atua com sua compet\u00eancia na L.J. Pinturas e servi\u00e7os em geral atendendo para or\u00e7amento no fone: 99184-0635.<\/p>\n<p>Aten\u00e7\u00e3o: O Instituto Vit\u00f3ria precisa de ajuda em todos os sentidos Disque Doa\u00e7\u00e3o: 99804-4374.<\/p>\n<p>A Sociedade M\u00e3o Amiga foi beneficiada com a renda da live do cantor sertanejo Deivison Gatti no Canal do You Tube.<\/p>\n<p>Muito boa a ideia dos \u00f4nibus de Juiz de Fora circularem adesivados com m\u00e1scaras em a\u00e7\u00e3o consciente.<\/p>\n<p>Perguntinha: De qual lado da hist\u00f3ria voc\u00ea quer estar quando olhar para tr\u00e1s no futuro?<\/p>\n<p>Fique em casa&#8230; se sair use m\u00e1scara&#8230;lave bem as m\u00e3os..higienize com \u00e1lcool gel. S\u00e3o as palavras de ordem contra a pandemia do novo Coronav\u00edrus.<\/p>\n<p>Para visualizar: \u201cP\u00e1ssaros criados em gaiola acreditam que voar \u00e9 uma doen\u00e7a\u201d.(Alejandro Jodorows Ky)\u201d. Bom dia.<\/p>\n<p><img loading=\"lazy\" decoding=\"async\" class=\"aligncenter size-full wp-image-162325\" src=\"https:\/\/diarioregionaldigital.com.br\/wp-content\/uploads\/2020\/06\/anuncio99-scaled.jpg\" alt=\"\" width=\"2560\" height=\"952\" srcset=\"https:\/\/diarioregionaldigital.com.br\/wp-content\/uploads\/2020\/06\/anuncio99-scaled.jpg 2560w, https:\/\/diarioregionaldigital.com.br\/wp-content\/uploads\/2020\/06\/anuncio99-300x112.jpg 300w, https:\/\/diarioregionaldigital.com.br\/wp-content\/uploads\/2020\/06\/anuncio99-1024x381.jpg 1024w, https:\/\/diarioregionaldigital.com.br\/wp-content\/uploads\/2020\/06\/anuncio99-768x286.jpg 768w, https:\/\/diarioregionaldigital.com.br\/wp-content\/uploads\/2020\/06\/anuncio99-1536x571.jpg 1536w, https:\/\/diarioregionaldigital.com.br\/wp-content\/uploads\/2020\/06\/anuncio99-2048x762.jpg 2048w, https:\/\/diarioregionaldigital.com.br\/wp-content\/uploads\/2020\/06\/anuncio99-360x134.jpg 360w\" sizes=\"auto, (max-width: 2560px) 100vw, 2560px\" \/><\/p>\n","protected":false},"excerpt":{"rendered":"<p>Livro Durante isolamento social este colunista leu o livro \u201cUma dor t\u00e3o doce\u201d do escritor brit\u00e2nico David Nicholls. Instigante e realista, o escritor explora as ang\u00fastias e paix\u00f5es adolescentes em novo livro e prev\u00ea que, ao fim da pandemia o mundo deve entrar \u2018numa era de contato f\u00edsico selvagem e decadente\u2019. Ele Merece O din\u00e2mico [&hellip;]<\/p>\n","protected":false},"author":96,"featured_media":162312,"comment_status":"closed","ping_status":"closed","sticky":false,"template":"","format":"standard","meta":{"footnotes":""},"categories":[264],"tags":[],"class_list":["post-162324","post","type-post","status-publish","format-standard","has-post-thumbnail","hentry","category-eduardo-gomes"],"_links":{"self":[{"href":"https:\/\/diarioregionaldigital.com.br\/index.php?rest_route=\/wp\/v2\/posts\/162324","targetHints":{"allow":["GET"]}}],"collection":[{"href":"https:\/\/diarioregionaldigital.com.br\/index.php?rest_route=\/wp\/v2\/posts"}],"about":[{"href":"https:\/\/diarioregionaldigital.com.br\/index.php?rest_route=\/wp\/v2\/types\/post"}],"author":[{"embeddable":true,"href":"https:\/\/diarioregionaldigital.com.br\/index.php?rest_route=\/wp\/v2\/users\/96"}],"replies":[{"embeddable":true,"href":"https:\/\/diarioregionaldigital.com.br\/index.php?rest_route=%2Fwp%2Fv2%2Fcomments&post=162324"}],"version-history":[{"count":0,"href":"https:\/\/diarioregionaldigital.com.br\/index.php?rest_route=\/wp\/v2\/posts\/162324\/revisions"}],"wp:featuredmedia":[{"embeddable":true,"href":"https:\/\/diarioregionaldigital.com.br\/index.php?rest_route=\/wp\/v2\/media\/162312"}],"wp:attachment":[{"href":"https:\/\/diarioregionaldigital.com.br\/index.php?rest_route=%2Fwp%2Fv2%2Fmedia&parent=162324"}],"wp:term":[{"taxonomy":"category","embeddable":true,"href":"https:\/\/diarioregionaldigital.com.br\/index.php?rest_route=%2Fwp%2Fv2%2Fcategories&post=162324"},{"taxonomy":"post_tag","embeddable":true,"href":"https:\/\/diarioregionaldigital.com.br\/index.php?rest_route=%2Fwp%2Fv2%2Ftags&post=162324"}],"curies":[{"name":"wp","href":"https:\/\/api.w.org\/{rel}","templated":true}]}}