{"id":162308,"date":"2020-06-15T19:48:08","date_gmt":"2020-06-15T22:48:08","guid":{"rendered":"https:\/\/diarioregionaldigital.com.br\/?p=162308"},"modified":"2020-06-15T19:48:08","modified_gmt":"2020-06-15T22:48:08","slug":"covid-19-brasil-tem-627-novas-mortes-e-20-647-novos-infectados","status":"publish","type":"post","link":"https:\/\/diarioregionaldigital.com.br\/?p=162308","title":{"rendered":"Covid-19: Brasil tem 627 novas mortes e 20.647 novos infectados"},"content":{"rendered":"<p>O Brasil teve 627 novas mortes e 20.647 novos casos de covid-19 registrados nas \u00faltimas 24h, de acordo com atualiza\u00e7\u00e3o do Minist\u00e9rio da Sa\u00fade divulgada\u00a0hoje\u00a0(15). Com esses acr\u00e9scimos \u00e0s estat\u00edsticas, o pa\u00eds chegou a 43.959 falecimentos em fun\u00e7\u00e3o do novo coronav\u00edrus e 888.271 pessoas infectadas.<img decoding=\"async\" src=\"https:\/\/agenciabrasil.ebc.com.br\/ebc.png?id=1309599&amp;o=node\" \/><\/p>\n<p>O balan\u00e7o traz um aumento de 2,3% no n\u00famero de casos em rela\u00e7\u00e3o a\u00a0ontem, quando o total estava em 867.624. J\u00e1 as mortes aumentaram 1,4% em compara\u00e7\u00e3o com o dado de\u00a0ontem, quando foram contabilizadas 43.332. Os registros s\u00e3o menores aos domingos e segundas-feiras em fun\u00e7\u00e3o da dificuldade de alimenta\u00e7\u00e3o dos dados\u00a0aos fins-de-semana, e quantidades maiores s\u00e3o registradas \u00e0s\u00a0ter\u00e7as-feiras em raz\u00e3o\u00a0do ac\u00famulo de notifica\u00e7\u00f5es atualizadas no sistema.<\/p>\n<p>A taxa de mortalidade foi de 21 falecimentos por 100 mil habitantes. J\u00e1 a incid\u00eancia (casos confirmados por 100 mil\u00a0habitantes) ficou em 423. Do total, 432.060 pacientes est\u00e3o em observa\u00e7\u00e3o e 412.252 foram recuperados.<\/p>\n<p>Os estados com maior n\u00famero de \u00f3bitos s\u00e3o S\u00e3o Paulo (10.767), Rio\u00a0de Janeiro\u00a0(7.728), Cear\u00e1 (4.999), Par\u00e1 (4.201) e Pernambuco (3.886). Ainda figuram entres os com altos \u00edndices de \u00f3bitos em fun\u00e7\u00e3o da covid-19 Amazonas (2.512), Maranh\u00e3o (1.499), Bahia (1.145), Esp\u00edrito Santo (1.086), Alagoas (768) e Para\u00edba (656).<\/p>\n<p>Os estados com mais infectados s\u00e3o S\u00e3o Paulo (181.460), Rio\u00a0de Janeiro\u00a0(80.946), Cear\u00e1 (79.462), Par\u00e1 (69.224) e Amazonas (56.777).<\/p>\n<p><strong>Fonte:\u00a0<\/strong>Ag\u00eancia Brasil<\/p>\n","protected":false},"excerpt":{"rendered":"<p>O Brasil teve 627 novas mortes e 20.647 novos casos de covid-19 registrados nas \u00faltimas 24h, de acordo com atualiza\u00e7\u00e3o do Minist\u00e9rio da Sa\u00fade divulgada\u00a0hoje\u00a0(15). Com esses acr\u00e9scimos \u00e0s estat\u00edsticas, o pa\u00eds chegou a 43.959 falecimentos em fun\u00e7\u00e3o do novo coronav\u00edrus e 888.271 pessoas infectadas. O balan\u00e7o traz um aumento de 2,3% no n\u00famero de [&hellip;]<\/p>\n","protected":false},"author":96,"featured_media":162309,"comment_status":"closed","ping_status":"closed","sticky":false,"template":"","format":"standard","meta":{"footnotes":""},"categories":[302,436,440,439],"tags":[],"class_list":["post-162308","post","type-post","status-publish","format-standard","has-post-thumbnail","hentry","category-brasil-mundo","category-destaque-da-semana","category-destaques-do-dia","category-ultima-hora"],"_links":{"self":[{"href":"https:\/\/diarioregionaldigital.com.br\/index.php?rest_route=\/wp\/v2\/posts\/162308","targetHints":{"allow":["GET"]}}],"collection":[{"href":"https:\/\/diarioregionaldigital.com.br\/index.php?rest_route=\/wp\/v2\/posts"}],"about":[{"href":"https:\/\/diarioregionaldigital.com.br\/index.php?rest_route=\/wp\/v2\/types\/post"}],"author":[{"embeddable":true,"href":"https:\/\/diarioregionaldigital.com.br\/index.php?rest_route=\/wp\/v2\/users\/96"}],"replies":[{"embeddable":true,"href":"https:\/\/diarioregionaldigital.com.br\/index.php?rest_route=%2Fwp%2Fv2%2Fcomments&post=162308"}],"version-history":[{"count":0,"href":"https:\/\/diarioregionaldigital.com.br\/index.php?rest_route=\/wp\/v2\/posts\/162308\/revisions"}],"wp:featuredmedia":[{"embeddable":true,"href":"https:\/\/diarioregionaldigital.com.br\/index.php?rest_route=\/wp\/v2\/media\/162309"}],"wp:attachment":[{"href":"https:\/\/diarioregionaldigital.com.br\/index.php?rest_route=%2Fwp%2Fv2%2Fmedia&parent=162308"}],"wp:term":[{"taxonomy":"category","embeddable":true,"href":"https:\/\/diarioregionaldigital.com.br\/index.php?rest_route=%2Fwp%2Fv2%2Fcategories&post=162308"},{"taxonomy":"post_tag","embeddable":true,"href":"https:\/\/diarioregionaldigital.com.br\/index.php?rest_route=%2Fwp%2Fv2%2Ftags&post=162308"}],"curies":[{"name":"wp","href":"https:\/\/api.w.org\/{rel}","templated":true}]}}