{"id":162305,"date":"2020-06-15T19:44:35","date_gmt":"2020-06-15T22:44:35","guid":{"rendered":"https:\/\/diarioregionaldigital.com.br\/?p=162305"},"modified":"2020-06-15T19:44:35","modified_gmt":"2020-06-15T22:44:35","slug":"henrique-duque-ex-reitor-da-ufjf-e-considerado-culpado-em-processo-administrativo","status":"publish","type":"post","link":"https:\/\/diarioregionaldigital.com.br\/?p=162305","title":{"rendered":"Henrique Duque, ex-reitor da UFJF, \u00e9 considerado culpado em processo administrativo"},"content":{"rendered":"<p>O ex-reitor da Universidade Federal de Juiz de Fora (UFJF), Henrique Duque, foi considerado culpado em processo administrativo movido pelo Minist\u00e9rio da Educa\u00e7\u00e3o (MEC) e foi demitido pelo \u00f3rg\u00e3o. O processo teve como base o relat\u00f3rio final da Comiss\u00e3o de Processo Administrativo Disciplinar instaurada pela UFJF para investigar irregularidades em licita\u00e7\u00f5es na pr\u00f3pria institui\u00e7\u00e3o, como prev\u00ea no \u00e2mbito da Opera\u00e7\u00e3o Acr\u00f4nimo, movido pela Pol\u00edcia Federal.<\/p>\n<p>Como puni\u00e7\u00e3o, Henrique Duque ser\u00e1 demitido da UFJF, bem como do Minist\u00e9rio da Educa\u00e7\u00e3o. Na universidade, ele atuava como professor da Faculdade de Odontologia.<\/p>\n<p>A decis\u00e3o foi publicada pelo Ministro da Educa\u00e7\u00e3o, Abraham Weintraub, no Di\u00e1rio Oficial da Uni\u00e3o e foi baseada na Lei n\u00ba 8.1112 de 1990, na qual \u00a0institui o Regime Jur\u00eddico dos Servidores P\u00fablicos Civis da Uni\u00e3o, das autarquias, inclusive as em regime especial, e das funda\u00e7\u00f5es p\u00fablicas federais.<\/p>\n<p>Segue abaixo o despacho publicado pelo Ministro da Educa\u00e7\u00e3o:<\/p>\n<p><em>I &#8211; Declarar culpado HENRIQUE DUQUE DE MIRANDA CHAVES FILHO, por viola\u00e7\u00e3o \u00e0 proibi\u00e7\u00e3o constante do inciso IX do art. 117 (valimento de cargo) da Lei n\u00ba 8.112, de 1990, e pelo cometimento dos il\u00edcitos constantes do caput, incisos I e II do art. 9\u00ba c\/c caput e inciso XII do art. 10, ambos da Lei n\u00ba 8.429, de 2 de junho de 1992;<\/em><\/p>\n<p><em>II &#8211; Declarar culpado CARLOS ELIZIO BARRAL FERREIRA, por viola\u00e7\u00e3o \u00e0 proibi\u00e7\u00e3o constante do inciso IX do art. 117 (valimento de cargo) da Lei n\u00ba 8.112, de 1990, e pelo cometimento dos il\u00edcitos constantes do caput e dos incisos VIII e XII do art. 10 da Lei n\u00ba 8.429, de 1992;<\/em><\/p>\n<p><em>III &#8211; Aplicar a penalidade de demiss\u00e3o a HENRIQUE DUQUE DE MIRANDA CHAVES FILHO, em observ\u00e2ncia aos incisos IV (improbidade administrativa), XI (corrup\u00e7\u00e3o) e XIII do art. 132, com restri\u00e7\u00e3o de retorno ao servi\u00e7o p\u00fablico federal, nos moldes do par\u00e1grafo \u00fanico do art. 137, todos da Lei n\u00ba 8.112, de 1990; e<\/em><\/p>\n<p><em>IV &#8211; Aplicar a penalidade de cassa\u00e7\u00e3o de aposentadoria a CARLOS ELIZIO BARRAL FERREIRA, em observ\u00e2ncia aos incisos IV (improbidade administrativa) e XIII do art. 132, com restri\u00e7\u00e3o de retorno ao servi\u00e7o p\u00fablico federal, nos moldes do par\u00e1grafo \u00fanico do art. 137, todos da Lei n\u00ba 8.112, de 1990.<\/em><\/p>\n<p>&nbsp;<\/p>\n","protected":false},"excerpt":{"rendered":"<p>O ex-reitor da Universidade Federal de Juiz de Fora (UFJF), Henrique Duque, foi considerado culpado em processo administrativo movido pelo Minist\u00e9rio da Educa\u00e7\u00e3o (MEC) e foi demitido pelo \u00f3rg\u00e3o. O processo teve como base o relat\u00f3rio final da Comiss\u00e3o de Processo Administrativo Disciplinar instaurada pela UFJF para investigar irregularidades em licita\u00e7\u00f5es na pr\u00f3pria institui\u00e7\u00e3o, como [&hellip;]<\/p>\n","protected":false},"author":96,"featured_media":162306,"comment_status":"closed","ping_status":"closed","sticky":false,"template":"","format":"standard","meta":{"footnotes":""},"categories":[253,436,440,439],"tags":[],"class_list":["post-162305","post","type-post","status-publish","format-standard","has-post-thumbnail","hentry","category-cidade","category-destaque-da-semana","category-destaques-do-dia","category-ultima-hora"],"_links":{"self":[{"href":"https:\/\/diarioregionaldigital.com.br\/index.php?rest_route=\/wp\/v2\/posts\/162305","targetHints":{"allow":["GET"]}}],"collection":[{"href":"https:\/\/diarioregionaldigital.com.br\/index.php?rest_route=\/wp\/v2\/posts"}],"about":[{"href":"https:\/\/diarioregionaldigital.com.br\/index.php?rest_route=\/wp\/v2\/types\/post"}],"author":[{"embeddable":true,"href":"https:\/\/diarioregionaldigital.com.br\/index.php?rest_route=\/wp\/v2\/users\/96"}],"replies":[{"embeddable":true,"href":"https:\/\/diarioregionaldigital.com.br\/index.php?rest_route=%2Fwp%2Fv2%2Fcomments&post=162305"}],"version-history":[{"count":0,"href":"https:\/\/diarioregionaldigital.com.br\/index.php?rest_route=\/wp\/v2\/posts\/162305\/revisions"}],"wp:featuredmedia":[{"embeddable":true,"href":"https:\/\/diarioregionaldigital.com.br\/index.php?rest_route=\/wp\/v2\/media\/162306"}],"wp:attachment":[{"href":"https:\/\/diarioregionaldigital.com.br\/index.php?rest_route=%2Fwp%2Fv2%2Fmedia&parent=162305"}],"wp:term":[{"taxonomy":"category","embeddable":true,"href":"https:\/\/diarioregionaldigital.com.br\/index.php?rest_route=%2Fwp%2Fv2%2Fcategories&post=162305"},{"taxonomy":"post_tag","embeddable":true,"href":"https:\/\/diarioregionaldigital.com.br\/index.php?rest_route=%2Fwp%2Fv2%2Ftags&post=162305"}],"curies":[{"name":"wp","href":"https:\/\/api.w.org\/{rel}","templated":true}]}}