{"id":162302,"date":"2020-06-15T19:42:18","date_gmt":"2020-06-15T22:42:18","guid":{"rendered":"https:\/\/diarioregionaldigital.com.br\/?p=162302"},"modified":"2020-06-15T19:42:18","modified_gmt":"2020-06-15T22:42:18","slug":"boletim-covid-19-juiz-de-fora-chega-a-40-mortes-e-mais-de-890-casos-confirmados","status":"publish","type":"post","link":"https:\/\/diarioregionaldigital.com.br\/?p=162302","title":{"rendered":"Boletim Covid-19 &#8211; Juiz de Fora chega a 40 mortes e mais de 890 casos confirmados"},"content":{"rendered":"<div id=\"box_texto_noticia\">A Secretaria de Sa\u00fade (SS) da Prefeitura de Juiz de Fora (PJF) confirmou nesta segunda-feira, 15, a 40\u00aa morte pelo novo coronav\u00edrus no munic\u00edpio. A v\u00edtima \u00e9 uma idosa de 80 anos que tinha Doen\u00e7a Cardiovascular Cr\u00f4nica (DCC) e Hipertens\u00e3o Arterial Sist\u00eamica (HAS). O \u00f3bito foi registrado na \u00faltima sexta-feira, 12.\u00a0<b>Todos os dados s\u00e3o referentes a moradores de Juiz de Fora.<\/b><\/p>\n<p>Com as atualiza\u00e7\u00f5es, mais 49 casos de pessoas infectadas foram registradas, contabilizando 894 confirmados. O Boletim Epidemiol\u00f3gico tamb\u00e9m registrou 179 novas suspeitas, totalizando 5.820. Um \u00f3bito est\u00e1 sendo investigado.<\/p>\n<p><b>Boletim desta segunda, 15<\/b><\/p>\n<p>&#8211; 5.820 suspeitos<br \/>\n&#8211; 894 confirmados<br \/>\n&#8211; 40 \u00f3bitos confirmados<br \/>\n&#8211; 1 \u00f3bito em investiga\u00e7\u00e3o<\/p><\/div>\n<div><strong>Fonte:\u00a0<\/strong>Assessoria<\/div>\n<p>&nbsp;<\/p>\n<div id=\"box_compartilhar\" align=\"right\"><\/div>\n","protected":false},"excerpt":{"rendered":"<p>A Secretaria de Sa\u00fade (SS) da Prefeitura de Juiz de Fora (PJF) confirmou nesta segunda-feira, 15, a 40\u00aa morte pelo novo coronav\u00edrus no munic\u00edpio. A v\u00edtima \u00e9 uma idosa de 80 anos que tinha Doen\u00e7a Cardiovascular Cr\u00f4nica (DCC) e Hipertens\u00e3o Arterial Sist\u00eamica (HAS). O \u00f3bito foi registrado na \u00faltima sexta-feira, 12.\u00a0Todos os dados s\u00e3o referentes [&hellip;]<\/p>\n","protected":false},"author":96,"featured_media":162303,"comment_status":"closed","ping_status":"closed","sticky":false,"template":"","format":"standard","meta":{"footnotes":""},"categories":[253,436,440,439],"tags":[],"class_list":["post-162302","post","type-post","status-publish","format-standard","has-post-thumbnail","hentry","category-cidade","category-destaque-da-semana","category-destaques-do-dia","category-ultima-hora"],"_links":{"self":[{"href":"https:\/\/diarioregionaldigital.com.br\/index.php?rest_route=\/wp\/v2\/posts\/162302","targetHints":{"allow":["GET"]}}],"collection":[{"href":"https:\/\/diarioregionaldigital.com.br\/index.php?rest_route=\/wp\/v2\/posts"}],"about":[{"href":"https:\/\/diarioregionaldigital.com.br\/index.php?rest_route=\/wp\/v2\/types\/post"}],"author":[{"embeddable":true,"href":"https:\/\/diarioregionaldigital.com.br\/index.php?rest_route=\/wp\/v2\/users\/96"}],"replies":[{"embeddable":true,"href":"https:\/\/diarioregionaldigital.com.br\/index.php?rest_route=%2Fwp%2Fv2%2Fcomments&post=162302"}],"version-history":[{"count":0,"href":"https:\/\/diarioregionaldigital.com.br\/index.php?rest_route=\/wp\/v2\/posts\/162302\/revisions"}],"wp:featuredmedia":[{"embeddable":true,"href":"https:\/\/diarioregionaldigital.com.br\/index.php?rest_route=\/wp\/v2\/media\/162303"}],"wp:attachment":[{"href":"https:\/\/diarioregionaldigital.com.br\/index.php?rest_route=%2Fwp%2Fv2%2Fmedia&parent=162302"}],"wp:term":[{"taxonomy":"category","embeddable":true,"href":"https:\/\/diarioregionaldigital.com.br\/index.php?rest_route=%2Fwp%2Fv2%2Fcategories&post=162302"},{"taxonomy":"post_tag","embeddable":true,"href":"https:\/\/diarioregionaldigital.com.br\/index.php?rest_route=%2Fwp%2Fv2%2Ftags&post=162302"}],"curies":[{"name":"wp","href":"https:\/\/api.w.org\/{rel}","templated":true}]}}