{"id":162300,"date":"2020-06-15T18:01:38","date_gmt":"2020-06-15T21:01:38","guid":{"rendered":"https:\/\/diarioregionaldigital.com.br\/?p=162300"},"modified":"2020-06-15T18:01:38","modified_gmt":"2020-06-15T21:01:38","slug":"pm-registra-caso-de-roubo-e-tentativa-de-assalto-em-juiz-de-fora","status":"publish","type":"post","link":"https:\/\/diarioregionaldigital.com.br\/?p=162300","title":{"rendered":"PM registra caso de roubo e tentativa de assalto em Juiz de Fora"},"content":{"rendered":"<p><span style=\"font-weight: 400;\">Nesse \u00faltimo fim de semana, a Pol\u00edcia Militar (PM), registrou ocorr\u00eancia de roubo na Rua das Margaridas, no Bairro Aeroporto (Regi\u00e3o Oeste). A v\u00edtima, homem de 36 anos, relatou que estava trocando pneu de seu ve\u00edculo, quando foi surpreendida por um indiv\u00edduo em uma motocicleta, que simulou estar com posse de arma de fogo. Ao se aproximar, o autor pegou o celular da v\u00edtima e fugiu do local. A mesma tentou contactar pelo 190 mas n\u00e3o obteve \u00eaxito.<\/span><\/p>\n<p><span style=\"font-weight: 400;\">O outro caso ocorreu na Avenida Rio Bar\u00e3o do Rio Branco, no Bairro Bom Pastor (Regi\u00e3o Central), quando um major representante de Israel no Brasil pela Organiza\u00e7\u00e3o das Na\u00e7\u00f5es Unidas (ONU), avistou dois indiv\u00edduos tentando assaltar uma jovem de 25 anos. Diante dos fatos, a testemunha se identificou como militar e logo em seguida os autores fugiram do local, sem levar nada. A v\u00edtima relatou \u00e0 PM que os suspeitos estavam com posse de arma de fogo. Os policiais realizaram rastreamento mas os autores n\u00e3o foram localizados.<\/span><\/p>\n","protected":false},"excerpt":{"rendered":"<p>Nesse \u00faltimo fim de semana, a Pol\u00edcia Militar (PM), registrou ocorr\u00eancia de roubo na Rua das Margaridas, no Bairro Aeroporto (Regi\u00e3o Oeste). A v\u00edtima, homem de 36 anos, relatou que estava trocando pneu de seu ve\u00edculo, quando foi surpreendida por um indiv\u00edduo em uma motocicleta, que simulou estar com posse de arma de fogo. Ao [&hellip;]<\/p>\n","protected":false},"author":96,"featured_media":161269,"comment_status":"closed","ping_status":"closed","sticky":false,"template":"","format":"standard","meta":{"footnotes":""},"categories":[301,436,439],"tags":[],"class_list":["post-162300","post","type-post","status-publish","format-standard","has-post-thumbnail","hentry","category-artigos-policiais","category-destaque-da-semana","category-ultima-hora"],"_links":{"self":[{"href":"https:\/\/diarioregionaldigital.com.br\/index.php?rest_route=\/wp\/v2\/posts\/162300","targetHints":{"allow":["GET"]}}],"collection":[{"href":"https:\/\/diarioregionaldigital.com.br\/index.php?rest_route=\/wp\/v2\/posts"}],"about":[{"href":"https:\/\/diarioregionaldigital.com.br\/index.php?rest_route=\/wp\/v2\/types\/post"}],"author":[{"embeddable":true,"href":"https:\/\/diarioregionaldigital.com.br\/index.php?rest_route=\/wp\/v2\/users\/96"}],"replies":[{"embeddable":true,"href":"https:\/\/diarioregionaldigital.com.br\/index.php?rest_route=%2Fwp%2Fv2%2Fcomments&post=162300"}],"version-history":[{"count":0,"href":"https:\/\/diarioregionaldigital.com.br\/index.php?rest_route=\/wp\/v2\/posts\/162300\/revisions"}],"wp:featuredmedia":[{"embeddable":true,"href":"https:\/\/diarioregionaldigital.com.br\/index.php?rest_route=\/wp\/v2\/media\/161269"}],"wp:attachment":[{"href":"https:\/\/diarioregionaldigital.com.br\/index.php?rest_route=%2Fwp%2Fv2%2Fmedia&parent=162300"}],"wp:term":[{"taxonomy":"category","embeddable":true,"href":"https:\/\/diarioregionaldigital.com.br\/index.php?rest_route=%2Fwp%2Fv2%2Fcategories&post=162300"},{"taxonomy":"post_tag","embeddable":true,"href":"https:\/\/diarioregionaldigital.com.br\/index.php?rest_route=%2Fwp%2Fv2%2Ftags&post=162300"}],"curies":[{"name":"wp","href":"https:\/\/api.w.org\/{rel}","templated":true}]}}