{"id":162297,"date":"2020-06-15T17:51:08","date_gmt":"2020-06-15T20:51:08","guid":{"rendered":"https:\/\/diarioregionaldigital.com.br\/?p=162297"},"modified":"2020-06-15T17:51:08","modified_gmt":"2020-06-15T20:51:08","slug":"governo-de-minas-reforca-dialogo-com-municipios-para-combate-a-covid-19","status":"publish","type":"post","link":"https:\/\/diarioregionaldigital.com.br\/?p=162297","title":{"rendered":"Governo de Minas refor\u00e7a di\u00e1logo com munic\u00edpios para combate \u00e0 covid-19"},"content":{"rendered":"<p>Um dos temas da coletiva virtual concedida pelo secret\u00e1rio de Estado de\u00a0Sa\u00fade, Carlos Eduardo Amaral, e pelo secret\u00e1rio adjunto Marcelo Cabral, nesta segunda-feira (15\/6), foi o di\u00e1logo entre o Governo de Minas\u00a0e os munic\u00edpios do estado. \u201cH\u00e1 aproximadamente dez dias, estamos nos reunindo com as secretarias municipais de\u00a0Sa\u00fade e prefeitos de v\u00e1rias regi\u00f5es\u00a0mineiras, alertando para alguns lugares em que houve aumento da taxa de transmiss\u00e3o e redu\u00e7\u00e3o do isolamento. Ap\u00f3s os contatos, j\u00e1 observamos uma melhora na taxa de transmiss\u00e3o, que ainda n\u00e3o est\u00e1 como gostar\u00edamos, mas revela que come\u00e7amos a ter um pouco mais de isolamento\u201d, explicou o secret\u00e1rio.<\/p>\n<p>Carlos Eduardo frisou, mais uma vez,\u00a0a import\u00e2ncia do isolamento adequado. \u201cN\u00f3s precisamos usar as m\u00e1scaras, lavar m\u00e3os, tomar cuidado para n\u00e3o levar as m\u00e3os ao rosto, usar \u00e1lcool em gel, ou seja, isso \u00e9 que vai trazer, efetivamente, um controle da nossa epidemia e que vai preservar vidas no estado\u201d, reafirmou.<\/p>\n<p>Na ocasi\u00e3o, o secret\u00e1rio tamb\u00e9m atualizou o boletim epidemiol\u00f3gico di\u00e1rio,\u00a0com dados da covid-19 em Minas Gerais. At\u00e9 o momento, s\u00e3o 21.728 casos confirmados, desse total, 9.694 est\u00e3o em acompanhamento, 11.553 se recuperaram e 481 \u00f3bitos.<\/p>\n<p><b>\u00a0Capacidade de amplia\u00e7\u00e3o<\/b><\/p>\n<p>Amaral esclareceu que as avalia\u00e7\u00f5es feitas pela Secretaria de Estado de Sa\u00fade (SES-MG)\u00a0mostram\u00a0que, de forma geral, h\u00e1 capacidade de amplia\u00e7\u00e3o de leitos, tanto no estado, quanto em Belo Horizonte e Regi\u00e3o Metropolitana (RMBH). De acordo com ele, provavelmente, nesta semana, haver\u00e1 uma reuni\u00e3o entre as equipes t\u00e9cnicas da SES-MG e da Secretaria Municipal de Sa\u00fade de Belo Horizonte para alinhar as informa\u00e7\u00f5es e entender melhor os dados. \u201c\u00c9 muito importante ter ideia de qual ser\u00e1 a demanda de leitos na RMBH e\u00a0qual\u00a0amplia\u00e7\u00e3o se far\u00e1 necess\u00e1ria. Precisamos saber, tamb\u00e9m, sobre a programa\u00e7\u00e3o do isolamento, porque a \u00fanica forma de evitarmos o aumento dos casos e a sobrecarga na demanda assistencial \u00e9 o isolamento adequado\u201d, frisou o secret\u00e1rio.<\/p>\n<p>De acordo com o planejamento da SES, a prioridade ser\u00e3o os leitos que s\u00e3o mais f\u00e1ceis de serem abertos, por exemplo, na rede\u00a0Fhemig (Funda\u00e7\u00e3o Hospitalar do Estado de Minas Gerais), que j\u00e1 disp\u00f5e de estrutura pr\u00e9via. Em outro momento ser\u00e3o abertos os leitos dos hospitais de campanha, que s\u00e3o dois em preparo:\u00a0um em Betim e um em Belo Horizonte, no Expominas. Em princ\u00edpio, a gest\u00e3o dos hospitais ser\u00e1 feita por meio de uma organiza\u00e7\u00e3o social, que far\u00e1 a contrata\u00e7\u00e3o de todos os recursos humanos.<\/p>\n<p><strong>Consolida\u00e7\u00e3o de dados<\/strong><\/p>\n<p>Quanto \u00e0 diverg\u00eancia nos n\u00fameros de ocupa\u00e7\u00e3o de leitos, o secret\u00e1rio adjunto Marcelo Cabral\u00a0explicou que os \u00edndices para a consolida\u00e7\u00e3o dos dados s\u00e3o fechados no dia anterior \u00e0 divulga\u00e7\u00e3o, \u00e0s 23h59. Portanto, os n\u00fameros nem sempre retratam a realidade do dia em que s\u00e3o divulgados.\u00a0Ele\u00a0explicou que esfor\u00e7os s\u00e3o feitos, a partir de conversas da SES com prefeitos, no sentido de identificar, cadastrar e habilitar leitos para o enfrentamento da pandemia.<\/p>\n<p>Para Cabral, se n\u00e3o houver esfor\u00e7os coletivos para manter os cuidados de isolamento e distanciamento social, junto \u00e0s medidas de higiene, os esfor\u00e7os para a estrutura\u00e7\u00e3o da rede de\u00a0Sa\u00fade acabar\u00e3o por n\u00e3o serem o que \u00e9 entendido como ideal no enfrentamento da pandemia. \u201c\u00c9 importante tamb\u00e9m destacar a necessidade de observ\u00e2ncia do plano\u00a0Minas Consciente. A retomada das atividades tem que ser gradual e respons\u00e1vel, caso contr\u00e1rio, esses objetivos acabam se frustrando. Essas s\u00e3o as medidas que acreditamos que s\u00e3o efetivas para conten\u00e7\u00e3o da dispers\u00e3o do v\u00edrus, dos casos de infec\u00e7\u00e3o e infelizmente, dos \u00f3bitos que venham a se confirmar\u201d.<\/p>\n<p><strong>Fonte:\u00a0<\/strong>Ag\u00eancia Minas<\/p>\n","protected":false},"excerpt":{"rendered":"<p>Um dos temas da coletiva virtual concedida pelo secret\u00e1rio de Estado de\u00a0Sa\u00fade, Carlos Eduardo Amaral, e pelo secret\u00e1rio adjunto Marcelo Cabral, nesta segunda-feira (15\/6), foi o di\u00e1logo entre o Governo de Minas\u00a0e os munic\u00edpios do estado. \u201cH\u00e1 aproximadamente dez dias, estamos nos reunindo com as secretarias municipais de\u00a0Sa\u00fade e prefeitos de v\u00e1rias regi\u00f5es\u00a0mineiras, alertando para [&hellip;]<\/p>\n","protected":false},"author":96,"featured_media":162298,"comment_status":"closed","ping_status":"closed","sticky":false,"template":"","format":"standard","meta":{"footnotes":""},"categories":[436,440,254,439],"tags":[],"class_list":["post-162297","post","type-post","status-publish","format-standard","has-post-thumbnail","hentry","category-destaque-da-semana","category-destaques-do-dia","category-politica","category-ultima-hora"],"_links":{"self":[{"href":"https:\/\/diarioregionaldigital.com.br\/index.php?rest_route=\/wp\/v2\/posts\/162297","targetHints":{"allow":["GET"]}}],"collection":[{"href":"https:\/\/diarioregionaldigital.com.br\/index.php?rest_route=\/wp\/v2\/posts"}],"about":[{"href":"https:\/\/diarioregionaldigital.com.br\/index.php?rest_route=\/wp\/v2\/types\/post"}],"author":[{"embeddable":true,"href":"https:\/\/diarioregionaldigital.com.br\/index.php?rest_route=\/wp\/v2\/users\/96"}],"replies":[{"embeddable":true,"href":"https:\/\/diarioregionaldigital.com.br\/index.php?rest_route=%2Fwp%2Fv2%2Fcomments&post=162297"}],"version-history":[{"count":0,"href":"https:\/\/diarioregionaldigital.com.br\/index.php?rest_route=\/wp\/v2\/posts\/162297\/revisions"}],"wp:featuredmedia":[{"embeddable":true,"href":"https:\/\/diarioregionaldigital.com.br\/index.php?rest_route=\/wp\/v2\/media\/162298"}],"wp:attachment":[{"href":"https:\/\/diarioregionaldigital.com.br\/index.php?rest_route=%2Fwp%2Fv2%2Fmedia&parent=162297"}],"wp:term":[{"taxonomy":"category","embeddable":true,"href":"https:\/\/diarioregionaldigital.com.br\/index.php?rest_route=%2Fwp%2Fv2%2Fcategories&post=162297"},{"taxonomy":"post_tag","embeddable":true,"href":"https:\/\/diarioregionaldigital.com.br\/index.php?rest_route=%2Fwp%2Fv2%2Ftags&post=162297"}],"curies":[{"name":"wp","href":"https:\/\/api.w.org\/{rel}","templated":true}]}}