{"id":162294,"date":"2020-06-15T17:47:41","date_gmt":"2020-06-15T20:47:41","guid":{"rendered":"https:\/\/diarioregionaldigital.com.br\/?p=162294"},"modified":"2020-06-15T17:47:41","modified_gmt":"2020-06-15T20:47:41","slug":"ochsenhausen-e-superado-e-calderano-fica-com-o-vice-da-bundesliga","status":"publish","type":"post","link":"https:\/\/diarioregionaldigital.com.br\/?p=162294","title":{"rendered":"Ochsenhausen \u00e9 superado e Calderano fica com o vice da Bundesliga"},"content":{"rendered":"<p><span style=\"font-weight: 400;\">Desta vez, n\u00e3o deu para Hugo Calderano. Primeiro brasileiro a vencer a Bundesliga, a liga alem\u00e3 de t\u00eanis de mesa, em 2019, ele acabou ficando com o vice-campeonato desta vez. O clube dele, o Liebherr Ochsenhausen, perdeu a final para o Saarbr\u00fccken, por 3 a 1, nesse domingo (14), na Fraport Arena, em Frankfurt.<\/span><\/p>\n<p><span style=\"font-weight: 400;\">Calderano jogou dois confrontos do duelo. Perdeu para o alem\u00e3o Patrick Franziska por 3 sets a 2 (3\/11, 11\/6, 10\/12, 11\/9 e 10\/12) e para o chin\u00eas Shang Kum, por 3 a 0 (9\/11, 6\/11 e 9\/11). A partida teve transmiss\u00e3o ao vivo do canal da CBTM na TVN Sports, al\u00e9m de transmiss\u00e3o em TV aberta para toda a Alemanha.<\/span><\/p>\n<p><span style=\"font-weight: 400;\">Calderano, sexto colocado e melhor n\u00e3o asi\u00e1tico no ranking mundial de t\u00eanis de mesa, ajudou o Ochsenhausen a conquistar o t\u00edtulo alem\u00e3o em 2019, ap\u00f3s 16 anos de jejum, exatamente contra o Saarbr\u00fccken. Desta vez, a quebra de jejum aconteceu do outro lado, j\u00e1 que o clube advers\u00e1rio do brasileiro n\u00e3o conquistava a Bundesliga desde 1989.<\/span><\/p>\n<p><span style=\"font-weight: 400;\">O brasileiro foi o primeiro escalado para o duelo decisivo, contra o alem\u00e3o Patrick Franziska, 16\u00b0 do ranking mundial de t\u00eanis de mesa, e que dominou completamente o primeiro set, vencendo por 11 a 3. Na segunda parcial, Calderano foi bem mais agressivo e encaixou seus principais golpes, empatando o confronto.<\/span><\/p>\n<p><span style=\"font-weight: 400;\">Com boa varia\u00e7\u00e3o, o brasileiro se encaminhava para uma boa vit\u00f3ria no terceiro set. Chegou a abrir 10 x 8 e teve dois set points, mas permitiu a virada. Na quarta parcial, ele come\u00e7ou mal e chegou a estar perdendo por 4 a 0, mas conseguiu a virada. No quinto set, Franziska confirmou a vit\u00f3ria pela diferen\u00e7a m\u00ednima, marcando o primeiro ponto para o Saarbr\u00fccken.<\/span><\/p>\n<p><span style=\"font-weight: 400;\">No segundo confronto, o franc\u00eas Simon Gauzy n\u00e3o conseguiu impor seu jogo contra o chin\u00eas Shang Kun, perdendo por 3 a 1 (8\/11, 7\/11, 11\/9 e 10\/12), e deixando as coisas ainda mais complicadas para o Ochsenhausen. No terceiro jogo, o polon\u00eas Jakub Dyjas precisava vencer o esloveno Darko Jorgic para manter o clube do brasileiro vivo no duelo. Conseguiu uma importante vit\u00f3ria, por 3 a 1 (11\/9, 12\/10, 12\/14 e 11\/3).<\/span><\/p>\n<p><span style=\"font-weight: 400;\">Calderano voltou para a mesa para enfrentar Shang Kum, mas encontrou imensa dificuldade. Fez um bom jogo no primeiro set, caiu na segunda parcial e come\u00e7ou mal na terceira, obrigando o t\u00e9cnico Dimitrij Mazunov a pedir tempo. O brasileiro ainda tentou buscar o resultado, mas n\u00e3o obteve \u00eaxito e o advers\u00e1rio garantiu o t\u00edtulo. \u201cO Saarbr\u00fccken foi melhor na decis\u00e3o e mereceu o t\u00edtulo\u201d, reconheceu o brasileiro, ap\u00f3s a final.<\/span><\/p>\n<p><span style=\"font-weight: 400;\">Pouco antes do confronto, em participa\u00e7\u00e3o na transmiss\u00e3o do canal CBTM da TVN Sports, o consultor t\u00e9cnico da CBTM e treinador pessoal de Calderano, Jean-Ren\u00e9 Mouni\u00e9, revelou como foi a prepara\u00e7\u00e3o do brasileiro no in\u00edcio da pandemia: \u201cA estrat\u00e9gia era bem clara, com uma forte prepara\u00e7\u00e3o f\u00edsica nos primeiros dias. Mesmo assim, \u00e9 complicado manter a parte t\u00e9cnica. Ainda h\u00e1 falta de ritmo em fundamentos como o saque e recep\u00e7\u00e3o, que foram percebidos no in\u00edcio da semifinal\u201d.<\/span><\/p>\n<p><b>Protocolo\u00a0<\/b><\/p>\n<p><span style=\"font-weight: 400;\">Um rigoroso protocolo foi estabelecido pela organiza\u00e7\u00e3o da Bundesliga para a realiza\u00e7\u00e3o dos jogos finais do torneio, com uma s\u00e9rie de ajustes, inclusive no sistema de disputa dos confrontos. Em vez de jogarem uma melhor de tr\u00eas para definirem os finalistas e o campe\u00e3o, foi realizado um \u00fanico confronto, sem partidas de duplas. N\u00e3o houve cumprimento entre os atletas durante os jogos, nem troca de lado na mesa. Os duelos foram realizados sem a presen\u00e7a de p\u00fablico no gin\u00e1sio.\u00a0<\/span><\/p>\n<p><strong>Fonte:<\/strong> Assessoria<\/p>\n","protected":false},"excerpt":{"rendered":"<p>Desta vez, n\u00e3o deu para Hugo Calderano. Primeiro brasileiro a vencer a Bundesliga, a liga alem\u00e3 de t\u00eanis de mesa, em 2019, ele acabou ficando com o vice-campeonato desta vez. O clube dele, o Liebherr Ochsenhausen, perdeu a final para o Saarbr\u00fccken, por 3 a 1, nesse domingo (14), na Fraport Arena, em Frankfurt. Calderano [&hellip;]<\/p>\n","protected":false},"author":96,"featured_media":162295,"comment_status":"closed","ping_status":"closed","sticky":false,"template":"","format":"standard","meta":{"footnotes":""},"categories":[436,257,439],"tags":[],"class_list":["post-162294","post","type-post","status-publish","format-standard","has-post-thumbnail","hentry","category-destaque-da-semana","category-esporte","category-ultima-hora"],"_links":{"self":[{"href":"https:\/\/diarioregionaldigital.com.br\/index.php?rest_route=\/wp\/v2\/posts\/162294","targetHints":{"allow":["GET"]}}],"collection":[{"href":"https:\/\/diarioregionaldigital.com.br\/index.php?rest_route=\/wp\/v2\/posts"}],"about":[{"href":"https:\/\/diarioregionaldigital.com.br\/index.php?rest_route=\/wp\/v2\/types\/post"}],"author":[{"embeddable":true,"href":"https:\/\/diarioregionaldigital.com.br\/index.php?rest_route=\/wp\/v2\/users\/96"}],"replies":[{"embeddable":true,"href":"https:\/\/diarioregionaldigital.com.br\/index.php?rest_route=%2Fwp%2Fv2%2Fcomments&post=162294"}],"version-history":[{"count":0,"href":"https:\/\/diarioregionaldigital.com.br\/index.php?rest_route=\/wp\/v2\/posts\/162294\/revisions"}],"wp:featuredmedia":[{"embeddable":true,"href":"https:\/\/diarioregionaldigital.com.br\/index.php?rest_route=\/wp\/v2\/media\/162295"}],"wp:attachment":[{"href":"https:\/\/diarioregionaldigital.com.br\/index.php?rest_route=%2Fwp%2Fv2%2Fmedia&parent=162294"}],"wp:term":[{"taxonomy":"category","embeddable":true,"href":"https:\/\/diarioregionaldigital.com.br\/index.php?rest_route=%2Fwp%2Fv2%2Fcategories&post=162294"},{"taxonomy":"post_tag","embeddable":true,"href":"https:\/\/diarioregionaldigital.com.br\/index.php?rest_route=%2Fwp%2Fv2%2Ftags&post=162294"}],"curies":[{"name":"wp","href":"https:\/\/api.w.org\/{rel}","templated":true}]}}