{"id":162291,"date":"2020-06-15T17:32:53","date_gmt":"2020-06-15T20:32:53","guid":{"rendered":"https:\/\/diarioregionaldigital.com.br\/?p=162291"},"modified":"2020-06-15T17:32:53","modified_gmt":"2020-06-15T20:32:53","slug":"portugal-pode-entrar-no-calendario-da-f1-neste-ano","status":"publish","type":"post","link":"https:\/\/diarioregionaldigital.com.br\/?p=162291","title":{"rendered":"Portugal pode entrar no calend\u00e1rio da F1 neste ano"},"content":{"rendered":"<p><span style=\"font-weight: 400;\">Ap\u00f3s anunciar os cancelamentos das etapas do Azerbaij\u00e3o, Singapura e Jap\u00e3o, a F1 estuda outras possibilidades para suprir o calend\u00e1rio da temporada 2020. Como as etapas asi\u00e1ticas foram canceladas, como citadas anteriormente, a F1 estuda achar corridas mais vi\u00e1veis na Europa.<\/span><\/p>\n<p><span style=\"font-weight: 400;\">Segundo o site \u201c<\/span><i><span style=\"font-weight: 400;\">Race Fans\u201d<\/span><\/i><span style=\"font-weight: 400;\">, o Circuito de Portim\u00e3o, na cidade de Algarve em Portugal, est\u00e1 em negocia\u00e7\u00f5es para receber a principal categoria do automobilismo mundial, segundo o porta-voz:<\/span><\/p>\n<p><span style=\"font-weight: 400;\">\u201cEstamos em contato com a F1 em um per\u00edodo de fortes negocia\u00e7\u00f5es. Ainda n\u00e3o h\u00e1 nada confirmado, mas sabemos que existe muita vontade dos times para que Portugal seja escolhido. E estamos trabalhando duro para fazer o que podemos para ter a F1 na nossa pista. Somos a op\u00e7\u00e3o que todos querem. Pela localiza\u00e7\u00e3o, pela pista, pela estrutura que permite dist\u00e2ncia segura (entre as pessoas presentes), pelo clima, setor hoteleiro e pelo fato de o pa\u00eds ter sido pouco afetado pelo Covid-19.\u201d<\/span><\/p>\n<p><span style=\"font-weight: 400;\">Outras possibilidades seriam preencher o calend\u00e1rio com a corrida do Vietn\u00e3 e com duas provas na China, ambos foram cancelados pela epidemia do Coronav\u00edrus.\u00a0<\/span><\/p>\n<p><span style=\"font-weight: 400;\">Na sexta-feira (12), a F1 anunciou o cancelamento das etapas do Azerbaij\u00e3o e Singapura, devido ao pouco tempo necess\u00e1rio para os organizadores constru\u00edrem os circuitos, uma vez que s\u00e3o corridas de rua. J\u00e1 o GP do Jap\u00e3o foi cancelado por conta das suas medidas restritivas de viagens at\u00e9 o presente momento.\u00a0<\/span><\/p>\n<p><span style=\"font-weight: 400;\">Al\u00e9m disso, a F1 diz que continua trabalhando duro para finalizar o calend\u00e1rio restante da temporada e est\u00e1 confiante de ter entre 15 e 18 corridas no momento em que a temporada termina em Abu Dhabi, em meados de dezembro. Espera-se que um novo calend\u00e1rio seja publicado antes do in\u00edcio da temporada na \u00c1ustria no dia 5 de julho.<\/span><\/p>\n","protected":false},"excerpt":{"rendered":"<p>Ap\u00f3s anunciar os cancelamentos das etapas do Azerbaij\u00e3o, Singapura e Jap\u00e3o, a F1 estuda outras possibilidades para suprir o calend\u00e1rio da temporada 2020. Como as etapas asi\u00e1ticas foram canceladas, como citadas anteriormente, a F1 estuda achar corridas mais vi\u00e1veis na Europa. Segundo o site \u201cRace Fans\u201d, o Circuito de Portim\u00e3o, na cidade de Algarve em [&hellip;]<\/p>\n","protected":false},"author":96,"featured_media":162292,"comment_status":"closed","ping_status":"closed","sticky":false,"template":"","format":"standard","meta":{"footnotes":""},"categories":[436,257,439],"tags":[],"class_list":["post-162291","post","type-post","status-publish","format-standard","has-post-thumbnail","hentry","category-destaque-da-semana","category-esporte","category-ultima-hora"],"_links":{"self":[{"href":"https:\/\/diarioregionaldigital.com.br\/index.php?rest_route=\/wp\/v2\/posts\/162291","targetHints":{"allow":["GET"]}}],"collection":[{"href":"https:\/\/diarioregionaldigital.com.br\/index.php?rest_route=\/wp\/v2\/posts"}],"about":[{"href":"https:\/\/diarioregionaldigital.com.br\/index.php?rest_route=\/wp\/v2\/types\/post"}],"author":[{"embeddable":true,"href":"https:\/\/diarioregionaldigital.com.br\/index.php?rest_route=\/wp\/v2\/users\/96"}],"replies":[{"embeddable":true,"href":"https:\/\/diarioregionaldigital.com.br\/index.php?rest_route=%2Fwp%2Fv2%2Fcomments&post=162291"}],"version-history":[{"count":0,"href":"https:\/\/diarioregionaldigital.com.br\/index.php?rest_route=\/wp\/v2\/posts\/162291\/revisions"}],"wp:featuredmedia":[{"embeddable":true,"href":"https:\/\/diarioregionaldigital.com.br\/index.php?rest_route=\/wp\/v2\/media\/162292"}],"wp:attachment":[{"href":"https:\/\/diarioregionaldigital.com.br\/index.php?rest_route=%2Fwp%2Fv2%2Fmedia&parent=162291"}],"wp:term":[{"taxonomy":"category","embeddable":true,"href":"https:\/\/diarioregionaldigital.com.br\/index.php?rest_route=%2Fwp%2Fv2%2Fcategories&post=162291"},{"taxonomy":"post_tag","embeddable":true,"href":"https:\/\/diarioregionaldigital.com.br\/index.php?rest_route=%2Fwp%2Fv2%2Ftags&post=162291"}],"curies":[{"name":"wp","href":"https:\/\/api.w.org\/{rel}","templated":true}]}}