{"id":162288,"date":"2020-06-15T16:12:58","date_gmt":"2020-06-15T19:12:58","guid":{"rendered":"https:\/\/diarioregionaldigital.com.br\/?p=162288"},"modified":"2020-06-15T16:12:58","modified_gmt":"2020-06-15T19:12:58","slug":"selecao-brasileira-de-skate-conta-com-22-atletas-para-sequencia-das-classificatorias-olimpicas","status":"publish","type":"post","link":"https:\/\/diarioregionaldigital.com.br\/?p=162288","title":{"rendered":"Sele\u00e7\u00e3o brasileira de skate conta com 22 atletas para sequ\u00eancia das classificat\u00f3rias ol\u00edmpicas"},"content":{"rendered":"<p><span style=\"font-weight: 400;\">A Confedera\u00e7\u00e3o Brasileira de Skate (CBSk) anunciou a manuten\u00e7\u00e3o de todo o selecionado nacional para a sequ\u00eancia das classificat\u00f3rias ol\u00edmpicas. Al\u00e9m disso, Lucas Rabelo est\u00e1 de volta \u00e0 Sele\u00e7\u00e3o Brasileira, que agora conta com 22 atletas. O an\u00fancio aconteceu em reuni\u00e3o online que contou com a presen\u00e7a dos skatistas da sele\u00e7\u00e3o, membros da diretoria e da comiss\u00e3o t\u00e9cnica da CBSk.<\/span><\/p>\n<p><span style=\"font-weight: 400;\">\u201cComo o encerramento das classificat\u00f3rias para os Jogos Ol\u00edmpicos aconteceria em maio, o or\u00e7amento da sele\u00e7\u00e3o em 2020 tinha previs\u00e3o para 12 atletas de junho at\u00e9 dezembro. N\u00famero que \u00e9 nosso limite e tamb\u00e9m meta de classificados para T\u00f3quio. Tivemos que reestruturar nosso planejamento, mas conseguimos manter toda a estrutura da sele\u00e7\u00e3o, que ainda ganhou mais um membro. Com certeza \u00e9 uma vit\u00f3ria importante para o skate brasileiro. A pr\u00f3xima etapa agora \u00e9 retomar o planejamento individualizado de cada integrante da sele\u00e7\u00e3o\u201d, destaca Eduardo Musa, presidente da Confedera\u00e7\u00e3o Brasileira de Skate (CBSk).<\/span><\/p>\n<p><span style=\"font-weight: 400;\">Lucas Rabelo abriu a segunda janela classificat\u00f3ria para T\u00f3quio com o terceiro lugar do p\u00f3dio no Oi STU Open, em novembro de 2019, no Rio de Janeiro. O resultado colocou o skatista no top 20 do ranking mundial. \u201cO adiamento dos Jogos abriu um novo ciclo para a sele\u00e7\u00e3o brasileira. Por ser mais do que justo, a posi\u00e7\u00e3o do Lucas Rabelo no ranking permitiu seu retorno\u201d, completa Musa.<\/span><\/p>\n<p><span style=\"font-weight: 400;\">Ap\u00f3s o Oi STU Open, todas as competi\u00e7\u00f5es previstas para o primeiro semestre de 2020 foram suspensas pela World Skate. A entidade m\u00e1xima do skate no mundo segue monitorando a COVID-19 para dar in\u00edcio \u00e0 retomada dos eventos. Ainda n\u00e3o h\u00e1 previs\u00e3o de retorno, mas a entidade j\u00e1 comunicou que um eventual calend\u00e1rio de disputas ser\u00e1 anunciado com 60 dias de anteced\u00eancia do primeiro evento.<\/span><\/p>\n<p><span style=\"font-weight: 400;\">Confira os nomes que integram a Sele\u00e7\u00e3o Brasileira de Skate:<\/span><\/p>\n<p><b>Park feminino<\/b><span style=\"font-weight: 400;\"> &#8211; Dora Varella, Isadora Pacheco, Yndiara Asp, Victoria Bassi e Leticia Gon\u00e7alves;<\/span><\/p>\n<p><b>Park masculino<\/b><span style=\"font-weight: 400;\"> &#8211; Luizinho Francisco, Pedro Barros, Pedro Quintas, Mateus Hiroshi, Murilo Peres e H\u00e9ricles Fagundes;<\/span><\/p>\n<p><b>Street feminino<\/b><span style=\"font-weight: 400;\"> &#8211; Pamela Rosa, Rayssa Leal, Leticia Bufoni, Gabriela Mazetto, Virginia Fortes Aguas e Isabelly \u00c1vila;<\/span><\/p>\n<p><b>Street masculino<\/b><span style=\"font-weight: 400;\"> &#8211; Kelvin Hoefler, Giovanni Vianna, Carlos Ribeiro, Felipe Gustavo e Lucas Rabelo.\u00a0<\/span><\/p>\n<p><b>Sele\u00e7\u00e3o Brasileira<\/b><\/p>\n<p><span style=\"font-weight: 400;\">Para a prepara\u00e7\u00e3o e participa\u00e7\u00e3o das disputas sancionadas pela World Skate como classificat\u00f3rias para a corrida ol\u00edmpica, os integrantes da Sele\u00e7\u00e3o Brasileira de Skate recebem aux\u00edlio atleta mensal e contam com suporte m\u00e9dico, psicol\u00f3gico e de fisioterapia. Os recursos para esse apoio s\u00e3o repassados \u00e0 CBSk pelo Comit\u00ea Ol\u00edmpico do Brasil (COB) por meio da Lei Agnelo\/Piva.\u00a0<\/span><\/p>\n<p><b>Comiss\u00e3o t\u00e9cnica da CBSk<\/b><\/p>\n<p><span style=\"font-weight: 400;\">Integram a comiss\u00e3o t\u00e9cnica da CBSk a gerente de Esportes Tatiana Lobo, o supervisor de Esportes Edson Scander, os consultores t\u00e9cnicos Edgard Pereira Vov\u00f4 (Park) e Rog\u00e9rio Mancha (Street), o coordenador t\u00e9cnico Julio Detefon, os fisioterapeutas Alison Paz e Carlos Barreto, o m\u00e9dico Maur\u00edcio Zenaide e a psic\u00f3loga Juliane Fechio.<\/span><\/p>\n<p><strong>Fonte:<\/strong> COB<\/p>\n","protected":false},"excerpt":{"rendered":"<p>A Confedera\u00e7\u00e3o Brasileira de Skate (CBSk) anunciou a manuten\u00e7\u00e3o de todo o selecionado nacional para a sequ\u00eancia das classificat\u00f3rias ol\u00edmpicas. Al\u00e9m disso, Lucas Rabelo est\u00e1 de volta \u00e0 Sele\u00e7\u00e3o Brasileira, que agora conta com 22 atletas. O an\u00fancio aconteceu em reuni\u00e3o online que contou com a presen\u00e7a dos skatistas da sele\u00e7\u00e3o, membros da diretoria e [&hellip;]<\/p>\n","protected":false},"author":96,"featured_media":162289,"comment_status":"closed","ping_status":"closed","sticky":false,"template":"","format":"standard","meta":{"footnotes":""},"categories":[436,257,439],"tags":[],"class_list":["post-162288","post","type-post","status-publish","format-standard","has-post-thumbnail","hentry","category-destaque-da-semana","category-esporte","category-ultima-hora"],"_links":{"self":[{"href":"https:\/\/diarioregionaldigital.com.br\/index.php?rest_route=\/wp\/v2\/posts\/162288","targetHints":{"allow":["GET"]}}],"collection":[{"href":"https:\/\/diarioregionaldigital.com.br\/index.php?rest_route=\/wp\/v2\/posts"}],"about":[{"href":"https:\/\/diarioregionaldigital.com.br\/index.php?rest_route=\/wp\/v2\/types\/post"}],"author":[{"embeddable":true,"href":"https:\/\/diarioregionaldigital.com.br\/index.php?rest_route=\/wp\/v2\/users\/96"}],"replies":[{"embeddable":true,"href":"https:\/\/diarioregionaldigital.com.br\/index.php?rest_route=%2Fwp%2Fv2%2Fcomments&post=162288"}],"version-history":[{"count":0,"href":"https:\/\/diarioregionaldigital.com.br\/index.php?rest_route=\/wp\/v2\/posts\/162288\/revisions"}],"wp:featuredmedia":[{"embeddable":true,"href":"https:\/\/diarioregionaldigital.com.br\/index.php?rest_route=\/wp\/v2\/media\/162289"}],"wp:attachment":[{"href":"https:\/\/diarioregionaldigital.com.br\/index.php?rest_route=%2Fwp%2Fv2%2Fmedia&parent=162288"}],"wp:term":[{"taxonomy":"category","embeddable":true,"href":"https:\/\/diarioregionaldigital.com.br\/index.php?rest_route=%2Fwp%2Fv2%2Fcategories&post=162288"},{"taxonomy":"post_tag","embeddable":true,"href":"https:\/\/diarioregionaldigital.com.br\/index.php?rest_route=%2Fwp%2Fv2%2Ftags&post=162288"}],"curies":[{"name":"wp","href":"https:\/\/api.w.org\/{rel}","templated":true}]}}