{"id":162285,"date":"2020-06-15T16:05:53","date_gmt":"2020-06-15T19:05:53","guid":{"rendered":"https:\/\/diarioregionaldigital.com.br\/?p=162285"},"modified":"2020-06-15T16:05:53","modified_gmt":"2020-06-15T19:05:53","slug":"reta-final-da-liga-dos-campeoes-sera-em-lisboa-segundo-tv-italiana","status":"publish","type":"post","link":"https:\/\/diarioregionaldigital.com.br\/?p=162285","title":{"rendered":"Reta final da Liga dos Campe\u00f5es ser\u00e1 em Lisboa, segundo TV italiana"},"content":{"rendered":"<p><span style=\"font-weight: 400;\">O canal esportivo <\/span><i><span style=\"font-weight: 400;\">Sky Sports <\/span><\/i><span style=\"font-weight: 400;\">da It\u00e1lia, informou que os jogos restantes da Liga dos Campe\u00f5es, ser\u00e3o realizados em agosto, no Est\u00e1dio da Luz em Lisboa. O an\u00fancio oficial ser\u00e1 feito na pr\u00f3xima quarta-feira, ap\u00f3s reuni\u00e3o do comit\u00ea-executivo da UEFA. A grande decis\u00e3o seria no Est\u00e1dio <\/span><span style=\"font-weight: 400;\">Ol\u00edmpico de Atat\u00fcrk em Istambul na Turquia.<\/span><\/p>\n<p><span style=\"font-weight: 400;\">A rede televisiva diz que a UEFA planeja realizar o restante dos jogos das oitavas de final dos dias 12 a 23 de agosto e ap\u00f3s essa fase, far\u00e1 uma esp\u00e9cie de \u201c<\/span><i><span style=\"font-weight: 400;\">Final Eight\u201d<\/span><\/i><span style=\"font-weight: 400;\"> com os oito times classificados para as quartas de final.<\/span><\/p>\n<p><span style=\"font-weight: 400;\">Nesta reta final da principal competi\u00e7\u00e3o entre clubes do futebol mundial, ainda h\u00e1 confrontos a serem decididos no campo, como Juventus x Lyon (ida: 1&#215;0 para o Lyon), Barcelona x Napoli (ida: 1&#215;1), Manchester City x Real Madrid (ida: 2&#215;1 para o Manchester City) e Bayern de Munique x Chelsea (ida: 3&#215;0 para o Bayern de Munique).<\/span><\/p>\n<p><b>Como funcionar\u00e1 o novo formato, segundo a Sky Sports It\u00e1lia<\/b><\/p>\n<p><span style=\"font-weight: 400;\">Segundo a TV italiana, todos os jogos do \u201c<\/span><i><span style=\"font-weight: 400;\">Final Eight\u201d<\/span><\/i><span style=\"font-weight: 400;\"> ser\u00e3o realizados em jogo \u00fanico, ou seja, sem jogos de ida e volta. <\/span><span style=\"font-weight: 400;\">Os confrontos dever\u00e3o ocorrer no Est\u00e1dio da Luz, casa do Benfica, mas o Jos\u00e9 Alvalade, do Sporting, tamb\u00e9m surge como op\u00e7\u00e3o para abrigar alguns dos duelos<\/span><\/p>\n<ul>\n<li style=\"font-weight: 400;\"><span style=\"font-weight: 400;\">Quartas de final: 12, 13, 14 e 15 de agosto;<\/span><\/li>\n<li style=\"font-weight: 400;\"><span style=\"font-weight: 400;\">Semifinais: 18 e 19 de agosto;<\/span><\/li>\n<li style=\"font-weight: 400;\"><span style=\"font-weight: 400;\">Final: 23 de agosto;<\/span><\/li>\n<\/ul>\n<p><b>Sorteio das quartas de final em Lisboa<\/b><\/p>\n<p><span style=\"font-weight: 400;\">Os sorteios para os confrontos das quartas de final em Lisboa, ser\u00e3o realizados em meados de julho em Nyon na Su\u00ed\u00e7a. At\u00e9 o momento, est\u00e3o classificados Atalanta, RB Leipzig, Atl\u00e9tico de Madri e Paris Saint-Germain.<\/span><\/p>\n<p><b>Liga Europa<\/b><\/p>\n<p><span style=\"font-weight: 400;\">Segundo a <\/span><i><span style=\"font-weight: 400;\">Sky Sports, <\/span><\/i><span style=\"font-weight: 400;\">a Alemanha ser\u00e1 a sede da reta final da Liga Europa, segundo torneio mais importante do velho continente. O novo formato seguir\u00e1 os mesmos moldes da Liga dos Campe\u00f5es. Segundo a tv italiana, as cidades-sedes ser\u00e3o Duisburg, Gelsenkirchen, Frankfurt e Col\u00f4nia.<\/span><\/p>\n<p><span style=\"font-weight: 400;\">A competi\u00e7\u00e3o foi paralisada nas oitavas de final, em meio a epidemia do Coronav\u00edrus. Os confrontos desta fase s\u00e3o:<\/span><\/p>\n<ul>\n<li style=\"font-weight: 400;\"><span style=\"font-weight: 400;\">Manchester United x LASK Linz (ida: 5&#215;0 Manchester United);<\/span><\/li>\n<li style=\"font-weight: 400;\"><span style=\"font-weight: 400;\">Basel x Eintracht Frankfurt (ida: 3&#215;0 Basel);<\/span><\/li>\n<li style=\"font-weight: 400;\"><span style=\"font-weight: 400;\">Copenhaguen x Istanbul Basaksehir (ida: 1&#215;0 Istanbul);<\/span><\/li>\n<li style=\"font-weight: 400;\"><span style=\"font-weight: 400;\">Shakhtar Donetsk x Wolfsburg (ida: 2&#215;1 Shakhtar Donetsk);<\/span><\/li>\n<li style=\"font-weight: 400;\"><span style=\"font-weight: 400;\">Bayer Leverkusen x Rangers (ida: 3&#215;1\u00a0 Bayer Leverkusen);<\/span><\/li>\n<li style=\"font-weight: 400;\"><span style=\"font-weight: 400;\">Wolverhampton x Olympiacos (ida: 1&#215;1);<\/span><\/li>\n<li style=\"font-weight: 400;\"><span style=\"font-weight: 400;\">Inter de Mil\u00e3o x Getafe (primeiro jogo n\u00e3o realizado);<\/span><\/li>\n<li style=\"font-weight: 400;\"><span style=\"font-weight: 400;\">Roma x Sevilla (primeiro jogo n\u00e3o realizado);<\/span><\/li>\n<\/ul>\n<p><b>Champions feminina na Espanha<\/b><\/p>\n<p><span style=\"font-weight: 400;\">A Liga dos Campe\u00f5es tamb\u00e9m ser\u00e1 como no masculino, mas numa data posterior: 21 a 30 de agosto, na Espanha, mais precisamente em Bilbao e San Sebasti\u00e1n, no Pa\u00eds Basco.<\/span><\/p>\n<p><b>Supercopa da UEFA<\/b><\/p>\n<p><span style=\"font-weight: 400;\">A Supercopa da UEFA, duelo entre os campe\u00f5es da Champions e Liga Europa, ser\u00e1 disputada em Budapeste no dia 24 de setembro.<\/span><\/p>\n<p><b>Final da Champions de 2022<\/b><\/p>\n<p><span style=\"font-weight: 400;\">A edi\u00e7\u00e3o de 2022 da Liga dos Campe\u00f5es ser\u00e1 decidida em S\u00e3o Petersburgo na R\u00fassia, casa do Zenit.<\/span><\/p>\n","protected":false},"excerpt":{"rendered":"<p>O canal esportivo Sky Sports da It\u00e1lia, informou que os jogos restantes da Liga dos Campe\u00f5es, ser\u00e3o realizados em agosto, no Est\u00e1dio da Luz em Lisboa. O an\u00fancio oficial ser\u00e1 feito na pr\u00f3xima quarta-feira, ap\u00f3s reuni\u00e3o do comit\u00ea-executivo da UEFA. A grande decis\u00e3o seria no Est\u00e1dio Ol\u00edmpico de Atat\u00fcrk em Istambul na Turquia. A rede [&hellip;]<\/p>\n","protected":false},"author":96,"featured_media":162286,"comment_status":"closed","ping_status":"closed","sticky":false,"template":"","format":"standard","meta":{"footnotes":""},"categories":[436,257,439],"tags":[],"class_list":["post-162285","post","type-post","status-publish","format-standard","has-post-thumbnail","hentry","category-destaque-da-semana","category-esporte","category-ultima-hora"],"_links":{"self":[{"href":"https:\/\/diarioregionaldigital.com.br\/index.php?rest_route=\/wp\/v2\/posts\/162285","targetHints":{"allow":["GET"]}}],"collection":[{"href":"https:\/\/diarioregionaldigital.com.br\/index.php?rest_route=\/wp\/v2\/posts"}],"about":[{"href":"https:\/\/diarioregionaldigital.com.br\/index.php?rest_route=\/wp\/v2\/types\/post"}],"author":[{"embeddable":true,"href":"https:\/\/diarioregionaldigital.com.br\/index.php?rest_route=\/wp\/v2\/users\/96"}],"replies":[{"embeddable":true,"href":"https:\/\/diarioregionaldigital.com.br\/index.php?rest_route=%2Fwp%2Fv2%2Fcomments&post=162285"}],"version-history":[{"count":0,"href":"https:\/\/diarioregionaldigital.com.br\/index.php?rest_route=\/wp\/v2\/posts\/162285\/revisions"}],"wp:featuredmedia":[{"embeddable":true,"href":"https:\/\/diarioregionaldigital.com.br\/index.php?rest_route=\/wp\/v2\/media\/162286"}],"wp:attachment":[{"href":"https:\/\/diarioregionaldigital.com.br\/index.php?rest_route=%2Fwp%2Fv2%2Fmedia&parent=162285"}],"wp:term":[{"taxonomy":"category","embeddable":true,"href":"https:\/\/diarioregionaldigital.com.br\/index.php?rest_route=%2Fwp%2Fv2%2Fcategories&post=162285"},{"taxonomy":"post_tag","embeddable":true,"href":"https:\/\/diarioregionaldigital.com.br\/index.php?rest_route=%2Fwp%2Fv2%2Ftags&post=162285"}],"curies":[{"name":"wp","href":"https:\/\/api.w.org\/{rel}","templated":true}]}}