{"id":162282,"date":"2020-06-15T15:27:20","date_gmt":"2020-06-15T18:27:20","guid":{"rendered":"https:\/\/diarioregionaldigital.com.br\/?p=162282"},"modified":"2020-06-15T15:27:20","modified_gmt":"2020-06-15T18:27:20","slug":"veiculo-furtado-de-crime-e-recuperado-em-menos-de-24h","status":"publish","type":"post","link":"https:\/\/diarioregionaldigital.com.br\/?p=162282","title":{"rendered":"Ve\u00edculo furtado de crime \u00e9 recuperado em menos de 24h"},"content":{"rendered":"<p><span style=\"font-weight: 400;\">A Pol\u00edcia Civil de Minas Gerais (PCMG), localizou um ve\u00edculo furtado, em menos de 24h ap\u00f3s o crime, ocorrido na Zona Norte de Juiz de Fora. O autom\u00f3vel foi encontrado nas margens da Avenida Brasil, no Bairro Ladeira, na Zona Leste do munic\u00edpio e segundo o Delegado Carlos Eduardo Santos Rodrigues, da Delegacia Especializada de Repress\u00e3o a Roubos, j\u00e1 s\u00e3o 26 ve\u00edculos apreendidos que seriam utilizados em crimes, com sinaliza\u00e7\u00e3o de furto e roubo ou com suspeitas de clonagem:<\/span><\/p>\n<p><span style=\"font-weight: 400;\">&#8220;Mesmo com o cen\u00e1rio de pandemia, a Pol\u00edcia Civil segue atuante na repress\u00e3o qualificada \u00e0 criminalidade: somente no primeiro semestre de 2020, realizamos a apreens\u00e3o de 26 ve\u00edculos, entre clonados, furtados, roubados e utilizados em crimes.\u201d<\/span><\/p>\n<p><span style=\"font-weight: 400;\">A autoridade policial diz que a Pol\u00edcia Civil est\u00e1 atenta quanto \u00e0s condutas de roubo de ve\u00edculos em Juiz de Fora e tamb\u00e9m para coibir este tipo de crime:<\/span><\/p>\n<p><span style=\"font-weight: 400;\">\u201cA PCMG segue vigilante quanto \u00e0s condutas de subtra\u00e7\u00e3o de ve\u00edculos na cidade. Muitas vezes, esses ve\u00edculos s\u00e3o furtados e roubados na cidade para serem utilizados em outros crimes. Estamos atentos a tais ocorr\u00eancias,\u00a0 n\u00e3o s\u00f3 para restituir os bens para \u00e0s v\u00edtimas, mas tamb\u00e9m para coibir a pr\u00e1tica de outros crimes utilizando esses ve\u00edculos e identificar os autores\u201d, enfatizou.<\/span><\/p>\n","protected":false},"excerpt":{"rendered":"<p>A Pol\u00edcia Civil de Minas Gerais (PCMG), localizou um ve\u00edculo furtado, em menos de 24h ap\u00f3s o crime, ocorrido na Zona Norte de Juiz de Fora. O autom\u00f3vel foi encontrado nas margens da Avenida Brasil, no Bairro Ladeira, na Zona Leste do munic\u00edpio e segundo o Delegado Carlos Eduardo Santos Rodrigues, da Delegacia Especializada de [&hellip;]<\/p>\n","protected":false},"author":96,"featured_media":162283,"comment_status":"closed","ping_status":"closed","sticky":false,"template":"","format":"standard","meta":{"footnotes":""},"categories":[301,436,439],"tags":[],"class_list":["post-162282","post","type-post","status-publish","format-standard","has-post-thumbnail","hentry","category-artigos-policiais","category-destaque-da-semana","category-ultima-hora"],"_links":{"self":[{"href":"https:\/\/diarioregionaldigital.com.br\/index.php?rest_route=\/wp\/v2\/posts\/162282","targetHints":{"allow":["GET"]}}],"collection":[{"href":"https:\/\/diarioregionaldigital.com.br\/index.php?rest_route=\/wp\/v2\/posts"}],"about":[{"href":"https:\/\/diarioregionaldigital.com.br\/index.php?rest_route=\/wp\/v2\/types\/post"}],"author":[{"embeddable":true,"href":"https:\/\/diarioregionaldigital.com.br\/index.php?rest_route=\/wp\/v2\/users\/96"}],"replies":[{"embeddable":true,"href":"https:\/\/diarioregionaldigital.com.br\/index.php?rest_route=%2Fwp%2Fv2%2Fcomments&post=162282"}],"version-history":[{"count":0,"href":"https:\/\/diarioregionaldigital.com.br\/index.php?rest_route=\/wp\/v2\/posts\/162282\/revisions"}],"wp:featuredmedia":[{"embeddable":true,"href":"https:\/\/diarioregionaldigital.com.br\/index.php?rest_route=\/wp\/v2\/media\/162283"}],"wp:attachment":[{"href":"https:\/\/diarioregionaldigital.com.br\/index.php?rest_route=%2Fwp%2Fv2%2Fmedia&parent=162282"}],"wp:term":[{"taxonomy":"category","embeddable":true,"href":"https:\/\/diarioregionaldigital.com.br\/index.php?rest_route=%2Fwp%2Fv2%2Fcategories&post=162282"},{"taxonomy":"post_tag","embeddable":true,"href":"https:\/\/diarioregionaldigital.com.br\/index.php?rest_route=%2Fwp%2Fv2%2Ftags&post=162282"}],"curies":[{"name":"wp","href":"https:\/\/api.w.org\/{rel}","templated":true}]}}