{"id":162279,"date":"2020-06-15T15:12:09","date_gmt":"2020-06-15T18:12:09","guid":{"rendered":"https:\/\/diarioregionaldigital.com.br\/?p=162279"},"modified":"2020-06-15T15:12:09","modified_gmt":"2020-06-15T18:12:09","slug":"uai-de-juiz-de-fora-retoma-servico-de-emissao-e-entrega-de-passaportes","status":"publish","type":"post","link":"https:\/\/diarioregionaldigital.com.br\/?p=162279","title":{"rendered":"UAI de Juiz de Fora retoma servi\u00e7o de emiss\u00e3o e entrega de passaportes"},"content":{"rendered":"<p><span style=\"font-weight: 400;\">A Unidade de Atendimento Integrado (UAI) de Juiz de Fora, vai retomar os servi\u00e7os de emiss\u00e3o e entrega de passaportes. A unidade do munic\u00edpio fica no Shopping Jardim Norte, na Avenida Brasil, n\u00ba 6345, no Bairro Mariano Proc\u00f3pio. Para retirar o documento, \u00e9 necess\u00e1rio fazer agendamento pr\u00e9vio. O servi\u00e7o ser\u00e1 retomado em Belo Horizonte, Governador Valadares, Montes Claros, Uberl\u00e2ndia e Varginha.<\/span><\/p>\n<p><span style=\"font-weight: 400;\">Todos os postos seguem as medidas de seguran\u00e7a para conter a propaga\u00e7\u00e3o do Coronav\u00edrus, <\/span><span style=\"font-weight: 400;\">como distanciamento de cadeiras, disponibiliza\u00e7\u00e3o de \u00e1lcool gel e uso obrigat\u00f3rio de m\u00e1scaras.\u00a0<\/span><\/p>\n<p><span style=\"font-weight: 400;\">Para a obten\u00e7\u00e3o do documento, o solicitante deve acessar o site http:\/\/www.pf.gov.br\/servicos-pf\/passaporte\/iniciar, e agendar dia e hor\u00e1rio para realizar a emiss\u00e3o. Ap\u00f3s essa etapa, o solicitante deve fazer agendamento, atrav\u00e9s do Portal MG, para retirar o passaporte na UAI.<\/span><\/p>\n<p><span style=\"font-weight: 400;\">A retomada gradual dos atendimentos nas UAIs segue as orienta\u00e7\u00f5es sanit\u00e1rias e as diretrizes do Estado para presta\u00e7\u00e3o de servi\u00e7os aos cidad\u00e3os, como refor\u00e7a a diretora central de Atendimento Presencial da Secretaria de Estado de Planejamento e Gest\u00e3o (Seplag), Christiane Bolda Lazarotti:<\/span><\/p>\n<p><span style=\"font-weight: 400;\">\u201cEstamos buscando oferecer os servi\u00e7os mais demandados pela popula\u00e7\u00e3o, dentro de um limite de capacidade pr\u00e9-estabelecido, a fim de cumprir as determina\u00e7\u00f5es dos \u00f3rg\u00e3os de Sa\u00fade e garantir a seguran\u00e7a de todos\u201d, afirma.<\/span><\/p>\n<p><b>Atendimento<\/b><\/p>\n<p><span style=\"font-weight: 400;\">As UAIs come\u00e7aram a ser reabertas gradualmente em abril, seguindo as orienta\u00e7\u00f5es do Governo de Minas e das prefeituras. No momento, todas as 31 unidades no estado est\u00e3o funcionando com agendamento pr\u00e9vio e os servi\u00e7os oferecidos em cada uma delas est\u00e3o sendo ampliados gradativamente.<\/span><\/p>\n<p><span style=\"font-weight: 400;\">As entregas de Carteira de Identidade emitida antes da pandemia e de Carteira Nacional de Tr\u00e2nsito (CHN) e Certificado de Registro e Licenciamento de Ve\u00edculo (CRLV) devolvidos pelos Correios ap\u00f3s tr\u00eas tentativas de entrega ao destinat\u00e1rio est\u00e3o dispon\u00edveis em todas as UAIs. Em algumas unidades, a emiss\u00e3o de Carteira de Identidade e o requerimento ao Seguro Desemprego tamb\u00e9m j\u00e1 est\u00e3o sendo realizados.\u00a0<\/span><\/p>\n<p>&nbsp;<\/p>\n<p>&nbsp;<\/p>\n","protected":false},"excerpt":{"rendered":"<p>A Unidade de Atendimento Integrado (UAI) de Juiz de Fora, vai retomar os servi\u00e7os de emiss\u00e3o e entrega de passaportes. A unidade do munic\u00edpio fica no Shopping Jardim Norte, na Avenida Brasil, n\u00ba 6345, no Bairro Mariano Proc\u00f3pio. Para retirar o documento, \u00e9 necess\u00e1rio fazer agendamento pr\u00e9vio. O servi\u00e7o ser\u00e1 retomado em Belo Horizonte, Governador [&hellip;]<\/p>\n","protected":false},"author":96,"featured_media":162280,"comment_status":"closed","ping_status":"closed","sticky":false,"template":"","format":"standard","meta":{"footnotes":""},"categories":[253,436,440,439],"tags":[],"class_list":["post-162279","post","type-post","status-publish","format-standard","has-post-thumbnail","hentry","category-cidade","category-destaque-da-semana","category-destaques-do-dia","category-ultima-hora"],"_links":{"self":[{"href":"https:\/\/diarioregionaldigital.com.br\/index.php?rest_route=\/wp\/v2\/posts\/162279","targetHints":{"allow":["GET"]}}],"collection":[{"href":"https:\/\/diarioregionaldigital.com.br\/index.php?rest_route=\/wp\/v2\/posts"}],"about":[{"href":"https:\/\/diarioregionaldigital.com.br\/index.php?rest_route=\/wp\/v2\/types\/post"}],"author":[{"embeddable":true,"href":"https:\/\/diarioregionaldigital.com.br\/index.php?rest_route=\/wp\/v2\/users\/96"}],"replies":[{"embeddable":true,"href":"https:\/\/diarioregionaldigital.com.br\/index.php?rest_route=%2Fwp%2Fv2%2Fcomments&post=162279"}],"version-history":[{"count":0,"href":"https:\/\/diarioregionaldigital.com.br\/index.php?rest_route=\/wp\/v2\/posts\/162279\/revisions"}],"wp:featuredmedia":[{"embeddable":true,"href":"https:\/\/diarioregionaldigital.com.br\/index.php?rest_route=\/wp\/v2\/media\/162280"}],"wp:attachment":[{"href":"https:\/\/diarioregionaldigital.com.br\/index.php?rest_route=%2Fwp%2Fv2%2Fmedia&parent=162279"}],"wp:term":[{"taxonomy":"category","embeddable":true,"href":"https:\/\/diarioregionaldigital.com.br\/index.php?rest_route=%2Fwp%2Fv2%2Fcategories&post=162279"},{"taxonomy":"post_tag","embeddable":true,"href":"https:\/\/diarioregionaldigital.com.br\/index.php?rest_route=%2Fwp%2Fv2%2Ftags&post=162279"}],"curies":[{"name":"wp","href":"https:\/\/api.w.org\/{rel}","templated":true}]}}