{"id":162276,"date":"2020-06-15T14:51:15","date_gmt":"2020-06-15T17:51:15","guid":{"rendered":"https:\/\/diarioregionaldigital.com.br\/?p=162276"},"modified":"2020-06-15T14:51:15","modified_gmt":"2020-06-15T17:51:15","slug":"commodities-e-china-dominam-exportacoes-do-brasil-em-maio-indica-fgv","status":"publish","type":"post","link":"https:\/\/diarioregionaldigital.com.br\/?p=162276","title":{"rendered":"Commodities e China dominam exporta\u00e7\u00f5es do Brasil em maio, indica FGV"},"content":{"rendered":"<p><span style=\"font-weight: 400;\">O \u00cdndice de Com\u00e9rcio Exterior (Icomex) da Funda\u00e7\u00e3o Getulio Vargas, referente a maio, divulgado hoje (15), confirmou tend\u00eancia j\u00e1 sinalizada nos meses anteriores de aumento das exporta\u00e7\u00f5es brasileiras pautadas em <\/span><i><span style=\"font-weight: 400;\">commodities<\/span><\/i><span style=\"font-weight: 400;\"> (produtos agr\u00edcolas e minerais comercializados no mercado internacional) e destinadas para o mercado asi\u00e1tico, com redu\u00e7\u00e3o para outros destinos. Segundo a FGV, o cen\u00e1rio de instabilidade, com desvaloriza\u00e7\u00e3o do real, n\u00e3o favorece as vendas de produtos industriais no exterior, que permanecem em queda.<\/span><\/p>\n<p><span style=\"font-weight: 400;\">O saldo da balan\u00e7a comercial foi de US$ 4,5 bilh\u00f5es em maio, inferior em US$ 1,1 bilh\u00e3o ao valor de igual m\u00eas de 2019. No acumulado do ano at\u00e9 maio, o saldo atingiu US$ 15,5 bilh\u00f5es, resultado menor em US$ 4,8 bilh\u00f5es ao de igual per\u00edodo do ano passado. O desempenho inferior na compara\u00e7\u00e3o interanual do acumulado at\u00e9 maio \u00e9 explicado pela queda mais acentuada das exporta\u00e7\u00f5es (-7,2%) em rela\u00e7\u00e3o \u00e0s importa\u00e7\u00f5es (-2,5%), analisou a FGV.<\/span><\/p>\n<p><span style=\"font-weight: 400;\">As <\/span><i><span style=\"font-weight: 400;\">commodities<\/span><\/i><span style=\"font-weight: 400;\"> somaram 71% das exporta\u00e7\u00f5es brasileiras em maio e est\u00e3o associadas ao setor de agropecu\u00e1ria, cujo aumento foi de 44,2% entre os meses de maio de 2019 e 2020, seguido do aumento de 11,3% da ind\u00fastria extrativa. A ind\u00fastria de transforma\u00e7\u00e3o teve nova queda (-13,7%).<\/span><\/p>\n<p><span style=\"font-weight: 400;\">O volume exportado pelo Brasil aumentou 4,1% e o importado, 0,9% na compara\u00e7\u00e3o de maio de 2020 contra o mesmo m\u00eas de 2019. O aumento do volume exportado \u00e9 explicado pelas <\/span><i><span style=\"font-weight: 400;\">commodities<\/span><\/i><span style=\"font-weight: 400;\">, que aumentaram 23,7% na compara\u00e7\u00e3o entre os meses de maio e 10,9%, no acumulado at\u00e9 maio deste ano comparativamente com o mesmo per\u00edodo do ano passado. Em termos de valor, as exporta\u00e7\u00f5es de <\/span><i><span style=\"font-weight: 400;\">commodities<\/span><\/i><span style=\"font-weight: 400;\"> ca\u00edram 1,5% em maio, ante maio de 2019, e aumentaram 4% no acumulado do ano at\u00e9 maio. \u201cRessalta-se que o aumento no volume tem sido compensado pela retra\u00e7\u00e3o dos pre\u00e7os em maio (-20,5%) e no per\u00edodo de janeiro\/maio (-5,2%), o que explica o comportamento do valor\u201d, salienta o Icomex. As vendas de n\u00e3o <\/span><i><span style=\"font-weight: 400;\">commodities<\/span><\/i><span style=\"font-weight: 400;\"> caem na compara\u00e7\u00e3o dos meses de maio (-27,7%) e no acumulado do ano (-20,3%), com queda de pre\u00e7os em ambos os casos.<\/span><\/p>\n<p><b>Plataformas<\/b><\/p>\n<p><span style=\"font-weight: 400;\">A FGV esclareceu que os dados de importa\u00e7\u00f5es foram afetados pelas plataformas de petr\u00f3leo em maio deste ano. As importa\u00e7\u00f5es mostraram varia\u00e7\u00e3o de 78,7% em maio e de 22,2% no acumulado dos cinco primeiros meses deste ano. Embora essas plataformas operem no pa\u00eds, elas eram registradas em subsidi\u00e1rias da Petrobras no exterior para obten\u00e7\u00e3o de isen\u00e7\u00f5es fiscais, de acordo com o Icomex. \u201cCom a institui\u00e7\u00e3o do regime aduaneiro especial Repetro-Sped, em 2018, as plataformas t\u00eam sido nacionalizadas, o que influencia o valor das importa\u00e7\u00f5es. Sem as plataformas, as importa\u00e7\u00f5es em maio teriam recuado em 29% e o saldo seria de US$ 7,3 bilh\u00f5es, o maior saldo desde 2018. O saldo seria maior, mas explicado pela queda das importa\u00e7\u00f5es puxada pela retra\u00e7\u00e3o da atividade econ\u00f4mica\u201d, indica o Icomex.<\/span><\/p>\n<p><span style=\"font-weight: 400;\">Se excluirmos as plataformas, h\u00e1 uma queda nos bens de capital de 39,9% (maio) e de 3,7% no acumulado at\u00e9 maio, resultado que afeta a ind\u00fastria de transforma\u00e7\u00e3o. \u201cHav\u00edamos registrado uma queda de 13,7% na compara\u00e7\u00e3o interanual entre maio de 2019 e 2020 e sem as plataformas passa para um recuo maior de 19,5%\u201d, indica o estudo.<\/span><\/p>\n<p><span style=\"font-weight: 400;\">De acordo com a FGV, o cen\u00e1rio recessivo da economia explica a queda nas compras de m\u00e1quinas e equipamentos para o setor de agropecu\u00e1ria e ind\u00fastria. Para o setor agropecu\u00e1rio, os resultados no n\u00edvel de atividade s\u00e3o positivos, mas a desvaloriza\u00e7\u00e3o do real encarece a compra de novos equipamentos.<\/span><\/p>\n<p><b>China<\/b><\/p>\n<p><span style=\"font-weight: 400;\">O Icomex confirma que a depend\u00eancia das exporta\u00e7\u00f5es das <\/span><i><span style=\"font-weight: 400;\">commodities<\/span><\/i><span style=\"font-weight: 400;\">, principalmente do setor agropecu\u00e1rio, se traduz na crescente import\u00e2ncia da China como destino das exporta\u00e7\u00f5es nacionais. Em maio, o volume exportado para a China cresceu 64,7% em rela\u00e7\u00e3o a igual m\u00eas de 2019 e caiu para o restante da \u00c1sia. Mesmo assim, China e o restante da \u00c1sia s\u00e3o os \u00fanicos mercados com varia\u00e7\u00e3o positiva na compara\u00e7\u00e3o do per\u00edodo de janeiro\/maio entre 2019 e 2020, ressalta o estudo.<\/span><\/p>\n<p><span style=\"font-weight: 400;\">A China explicou 32,5% das exporta\u00e7\u00f5es brasileiras e 20,8% das importa\u00e7\u00f5es, no per\u00edodo de janeiro a maio de 2020. O mercado chin\u00eas \u00e9 considerado essencial para um desempenho favor\u00e1vel das exporta\u00e7\u00f5es brasileiras. Em maio, 78% das exporta\u00e7\u00f5es para a China foram compostas de soja em gr\u00e3o (52,8%), min\u00e9rio de ferro (13,4%) e petr\u00f3leo (12,2%). As carnes bovina, su\u00edna e de frango somaram 9,5% das exporta\u00e7\u00f5es para o pa\u00eds.<\/span><\/p>\n<p><span style=\"font-weight: 400;\">As maiores quedas nas exporta\u00e7\u00f5es brasileiras foram observadas para a Argentina (-55,2%), M\u00e9xico (-46,6%), Estados Unidos (-36,8%) e demais pa\u00edses da Am\u00e9rica do Sul (-30%).<\/span><\/p>\n<p><b>Perspectivas<\/b><\/p>\n<p><span style=\"font-weight: 400;\">As perspectivas n\u00e3o s\u00e3o muito otimistas, analisou o Icomex da FGV. As not\u00edcias divulgadas no final da segunda semana de junho sobre uma poss\u00edvel nova onda de epidemia do novo coronav\u00edrus na China reacendeu o alerta de um cen\u00e1rio ainda incerto, contrariando perspectiva \u201cmoderadamente otimista\u201d sobre retomada das atividades nos mercados europeus, asi\u00e1ticos e nos Estados Unidos. A proje\u00e7\u00e3o da Organiza\u00e7\u00e3o Mundial do Com\u00e9rcio (OMC) continua de queda no com\u00e9rcio mundial entre 13% e 32% este ano.<\/span><\/p>\n<p><span style=\"font-weight: 400;\">No Brasil, o Icomex avalia que \u201ca queda das importa\u00e7\u00f5es e um desempenho favor\u00e1vel das <\/span><i><span style=\"font-weight: 400;\">commodities<\/span><\/i><span style=\"font-weight: 400;\"> no primeiro semestre atenuam press\u00f5es sobre o d\u00e9ficit da conta corrente\u201d. Os resultados no segundo semestre v\u00e3o depender da retomada da atividade econ\u00f4mica no mundo e no mercado brasileiro.<\/span><\/p>\n<p><strong>Fonte:<\/strong> Ag\u00eancia Brasil<\/p>\n","protected":false},"excerpt":{"rendered":"<p>O \u00cdndice de Com\u00e9rcio Exterior (Icomex) da Funda\u00e7\u00e3o Getulio Vargas, referente a maio, divulgado hoje (15), confirmou tend\u00eancia j\u00e1 sinalizada nos meses anteriores de aumento das exporta\u00e7\u00f5es brasileiras pautadas em commodities (produtos agr\u00edcolas e minerais comercializados no mercado internacional) e destinadas para o mercado asi\u00e1tico, com redu\u00e7\u00e3o para outros destinos. Segundo a FGV, o cen\u00e1rio [&hellip;]<\/p>\n","protected":false},"author":96,"featured_media":162277,"comment_status":"closed","ping_status":"closed","sticky":false,"template":"","format":"standard","meta":{"footnotes":""},"categories":[436,261,439],"tags":[],"class_list":["post-162276","post","type-post","status-publish","format-standard","has-post-thumbnail","hentry","category-destaque-da-semana","category-economia","category-ultima-hora"],"_links":{"self":[{"href":"https:\/\/diarioregionaldigital.com.br\/index.php?rest_route=\/wp\/v2\/posts\/162276","targetHints":{"allow":["GET"]}}],"collection":[{"href":"https:\/\/diarioregionaldigital.com.br\/index.php?rest_route=\/wp\/v2\/posts"}],"about":[{"href":"https:\/\/diarioregionaldigital.com.br\/index.php?rest_route=\/wp\/v2\/types\/post"}],"author":[{"embeddable":true,"href":"https:\/\/diarioregionaldigital.com.br\/index.php?rest_route=\/wp\/v2\/users\/96"}],"replies":[{"embeddable":true,"href":"https:\/\/diarioregionaldigital.com.br\/index.php?rest_route=%2Fwp%2Fv2%2Fcomments&post=162276"}],"version-history":[{"count":0,"href":"https:\/\/diarioregionaldigital.com.br\/index.php?rest_route=\/wp\/v2\/posts\/162276\/revisions"}],"wp:featuredmedia":[{"embeddable":true,"href":"https:\/\/diarioregionaldigital.com.br\/index.php?rest_route=\/wp\/v2\/media\/162277"}],"wp:attachment":[{"href":"https:\/\/diarioregionaldigital.com.br\/index.php?rest_route=%2Fwp%2Fv2%2Fmedia&parent=162276"}],"wp:term":[{"taxonomy":"category","embeddable":true,"href":"https:\/\/diarioregionaldigital.com.br\/index.php?rest_route=%2Fwp%2Fv2%2Fcategories&post=162276"},{"taxonomy":"post_tag","embeddable":true,"href":"https:\/\/diarioregionaldigital.com.br\/index.php?rest_route=%2Fwp%2Fv2%2Ftags&post=162276"}],"curies":[{"name":"wp","href":"https:\/\/api.w.org\/{rel}","templated":true}]}}