{"id":162270,"date":"2020-06-15T14:28:51","date_gmt":"2020-06-15T17:28:51","guid":{"rendered":"https:\/\/diarioregionaldigital.com.br\/?p=162270"},"modified":"2020-06-15T14:28:51","modified_gmt":"2020-06-15T17:28:51","slug":"vai-a-sancao-projeto-que-torna-essenciais-servicos-contra-violencia-domestica","status":"publish","type":"post","link":"https:\/\/diarioregionaldigital.com.br\/?p=162270","title":{"rendered":"Vai a san\u00e7\u00e3o projeto que torna essenciais servi\u00e7os contra viol\u00eancia dom\u00e9stica"},"content":{"rendered":"<p><span style=\"font-weight: 400;\">Aguarda a san\u00e7\u00e3o do presidente Jair Bolsonaro o projeto de lei que torna essenciais as medidas de enfrentamento \u00e0 viol\u00eancia dom\u00e9stica e familiar cometidas contra mulheres, crian\u00e7as, adolescentes, pessoas idosas e pessoas com defici\u00eancia durante a emerg\u00eancia de sa\u00fade p\u00fablica por conta da pandemia de covid-19.<\/span><\/p>\n<p><span style=\"font-weight: 400;\">A proposta (PL 1.291\/2020), que sofreu altera\u00e7\u00f5es no Senado por meio de um substitutivo apresentado pela relatora, senadora Rose de Freitas (Podemos-ES), foi aprovado na C\u00e2mara dos Deputados na \u00faltima quarta-feira (10). Entre as mudan\u00e7as sugeridas pelos senadores e acatadas pelos deputados est\u00e1 a que ampliou o alcance das medidas visando atender \u2014 al\u00e9m de mulheres, crian\u00e7as, adolescentes e idosos \u2014 tamb\u00e9m pessoas com defici\u00eancia que sofram viol\u00eancia dom\u00e9stica e familiar ou qualquer tipo de agress\u00e3o. Rose aglutinou sugest\u00f5es de projetos apresentados pelos senadores Conf\u00facio Moura (MDB-RO) e Izalci Lucas (PSDB-DF), al\u00e9m de acatar o conte\u00fado de 15 emendas para tornar ainda mais efetiva a legisla\u00e7\u00e3o.<\/span><\/p>\n<p><span style=\"font-weight: 400;\">Tamb\u00e9m foi incorporada \u00e0 vers\u00e3o final aprovada pela C\u00e2mara a manuten\u00e7\u00e3o dos prazos processuais, a aprecia\u00e7\u00e3o de mat\u00e9rias, o atendimento \u00e0s partes e a concess\u00e3o de medidas protetivas que tenham rela\u00e7\u00e3o com atos de viol\u00eancia dom\u00e9stica e familiar cometidos contra mulheres, crian\u00e7as, adolescentes, pessoas idosas e pessoas com defici\u00eancia.<\/span><\/p>\n<p><span style=\"font-weight: 400;\">O texto aprovado determina que o registro da ocorr\u00eancia de viol\u00eancia dom\u00e9stica e familiar poder\u00e1 ser realizado por meio eletr\u00f4nico ou por n\u00famero de telefone de emerg\u00eancia designado pelos \u00f3rg\u00e3os de seguran\u00e7a p\u00fablica.<\/span><\/p>\n<p><span style=\"font-weight: 400;\">De acordo a mat\u00e9ria, o poder p\u00fablico dever\u00e1 adotar as medidas necess\u00e1rias para garantir a manuten\u00e7\u00e3o do atendimento presencial de mulheres, idosos, crian\u00e7as ou adolescentes e pessoas com defici\u00eancia em situa\u00e7\u00e3o de viol\u00eancia, com a adapta\u00e7\u00e3o dos procedimentos j\u00e1 definidos na Lei Maria da Penha (Lei n\u00ba 11.340, de 7 de agosto de 2006), de acordo com as circunst\u00e2ncias emergenciais do per\u00edodo de calamidade sanit\u00e1ria decorrente da pandemia da covid-19. O atendimento \u00e0s partes poder\u00e1 ser feito por meio remoto, mas somente quando n\u00e3o for poss\u00edvel a modalidade presencial em raz\u00e3o de medida de seguran\u00e7a sanit\u00e1ria.<\/span><\/p>\n<p><span style=\"font-weight: 400;\">A adapta\u00e7\u00e3o dos procedimentos, segundo a proposta, dever\u00e1 assegurar a continuidade do funcionamento habitual dos \u00f3rg\u00e3os do poder p\u00fablico, como delegacias e juizados, com o objetivo de garantir a manuten\u00e7\u00e3o dos mecanismos de preven\u00e7\u00e3o e repress\u00e3o \u00e0 viol\u00eancia dom\u00e9stica e familiar contra essas v\u00edtimas, garantindo tamb\u00e9m a prioridade na realiza\u00e7\u00e3o do exame de corpo de delito.<\/span><\/p>\n<p><span style=\"font-weight: 400;\">J\u00e1 para os casos de crimes de natureza sexual, mesmo que haja restri\u00e7\u00e3o de circula\u00e7\u00e3o de pessoas em raz\u00e3o da ado\u00e7\u00e3o de medidas de isolamento, os \u00f3rg\u00e3os de seguran\u00e7a dever\u00e3o estabelecer equipes m\u00f3veis para realiza\u00e7\u00e3o do exame de corpo de delito no local em que se encontrar a v\u00edtima.<\/span><\/p>\n<p><b>Den\u00fancias<\/b><\/p>\n<p><span style=\"font-weight: 400;\">O texto estabelece ainda que o registro da ocorr\u00eancia poder\u00e1 ser realizado por meio eletr\u00f4nico ou por telefone de emerg\u00eancia designado pelos \u00f3rg\u00e3os de seguran\u00e7a p\u00fablica.<\/span><\/p>\n<p><span style=\"font-weight: 400;\">Tamb\u00e9m estabelece que o poder p\u00fablico dever\u00e1 criar canal eletr\u00f4nico permanente para o recebimento de den\u00fancias de viol\u00eancia dom\u00e9stica e familiar contra a mulher e de viol\u00eancias cometidas contra crian\u00e7as, adolescentes e pessoas idosas.<\/span><\/p>\n<p><span style=\"font-weight: 400;\">Ainda de acordo com o texto, as den\u00fancias de viol\u00eancia recebidas pela Central de Atendimento \u00e0 Mulher em Situa\u00e7\u00e3o de Viol\u00eancia (Ligue 180) e pelo servi\u00e7o de prote\u00e7\u00e3o de crian\u00e7as e adolescentes com foco em viol\u00eancia sexual (Disque 100) devem ser repassadas no prazo m\u00e1ximo de 48 horas para os \u00f3rg\u00e3os competentes.<\/span><\/p>\n<p><b>Medidas protetivas<\/b><\/p>\n<p><span style=\"font-weight: 400;\">A v\u00edtima de viol\u00eancia dom\u00e9stica ou familiar poder\u00e1 solicitar medidas protetivas de urg\u00eancia \u00e0 autoridade competente por meio dos dispositivos de comunica\u00e7\u00e3o de atendimento on line, cabendo a autoridade competente a concess\u00e3o, tamb\u00e9m por meio eletr\u00f4nico, de qualquer uma das medidas protetivas de urg\u00eancia j\u00e1 previstas na Lei Maria da Penha. A autoridade poder\u00e1 ainda considerar provas coletadas eletronicamente ou por audiovisual, em momento anterior \u00e0 lavratura do boletim de ocorr\u00eancia e a colheita de provas que exija a presen\u00e7a f\u00edsica da v\u00edtima.<\/span><\/p>\n<p><span style=\"font-weight: 400;\">O texto prev\u00ea campanha sobre preven\u00e7\u00e3o \u00e0 viol\u00eancia dom\u00e9stica e familiar e sobre o acesso a mecanismos de den\u00fancia durante a pandemia.<\/span><\/p>\n<p><span style=\"font-weight: 400;\">As medidas protetivas deferidas ser\u00e3o automaticamente prorrogadas para vigorar pelo tempo que durar o estado de calamidade sanit\u00e1ria decorrente da pandemia da covid-19.<\/span><\/p>\n<p><strong>Fonte:<\/strong> Ag\u00eancia Senado<\/p>\n","protected":false},"excerpt":{"rendered":"<p>Aguarda a san\u00e7\u00e3o do presidente Jair Bolsonaro o projeto de lei que torna essenciais as medidas de enfrentamento \u00e0 viol\u00eancia dom\u00e9stica e familiar cometidas contra mulheres, crian\u00e7as, adolescentes, pessoas idosas e pessoas com defici\u00eancia durante a emerg\u00eancia de sa\u00fade p\u00fablica por conta da pandemia de covid-19. A proposta (PL 1.291\/2020), que sofreu altera\u00e7\u00f5es no Senado [&hellip;]<\/p>\n","protected":false},"author":96,"featured_media":162271,"comment_status":"closed","ping_status":"closed","sticky":false,"template":"","format":"standard","meta":{"footnotes":""},"categories":[436,440,254,439],"tags":[],"class_list":["post-162270","post","type-post","status-publish","format-standard","has-post-thumbnail","hentry","category-destaque-da-semana","category-destaques-do-dia","category-politica","category-ultima-hora"],"_links":{"self":[{"href":"https:\/\/diarioregionaldigital.com.br\/index.php?rest_route=\/wp\/v2\/posts\/162270","targetHints":{"allow":["GET"]}}],"collection":[{"href":"https:\/\/diarioregionaldigital.com.br\/index.php?rest_route=\/wp\/v2\/posts"}],"about":[{"href":"https:\/\/diarioregionaldigital.com.br\/index.php?rest_route=\/wp\/v2\/types\/post"}],"author":[{"embeddable":true,"href":"https:\/\/diarioregionaldigital.com.br\/index.php?rest_route=\/wp\/v2\/users\/96"}],"replies":[{"embeddable":true,"href":"https:\/\/diarioregionaldigital.com.br\/index.php?rest_route=%2Fwp%2Fv2%2Fcomments&post=162270"}],"version-history":[{"count":0,"href":"https:\/\/diarioregionaldigital.com.br\/index.php?rest_route=\/wp\/v2\/posts\/162270\/revisions"}],"wp:featuredmedia":[{"embeddable":true,"href":"https:\/\/diarioregionaldigital.com.br\/index.php?rest_route=\/wp\/v2\/media\/162271"}],"wp:attachment":[{"href":"https:\/\/diarioregionaldigital.com.br\/index.php?rest_route=%2Fwp%2Fv2%2Fmedia&parent=162270"}],"wp:term":[{"taxonomy":"category","embeddable":true,"href":"https:\/\/diarioregionaldigital.com.br\/index.php?rest_route=%2Fwp%2Fv2%2Fcategories&post=162270"},{"taxonomy":"post_tag","embeddable":true,"href":"https:\/\/diarioregionaldigital.com.br\/index.php?rest_route=%2Fwp%2Fv2%2Ftags&post=162270"}],"curies":[{"name":"wp","href":"https:\/\/api.w.org\/{rel}","templated":true}]}}