{"id":162267,"date":"2020-06-15T14:19:44","date_gmt":"2020-06-15T17:19:44","guid":{"rendered":"https:\/\/diarioregionaldigital.com.br\/?p=162267"},"modified":"2020-06-15T14:29:15","modified_gmt":"2020-06-15T17:29:15","slug":"projeto-proibe-recusar-pacientes-com-suspeita-de-covid-19-devido-a-local-de-residencia","status":"publish","type":"post","link":"https:\/\/diarioregionaldigital.com.br\/?p=162267","title":{"rendered":"Projeto pro\u00edbe recusar pacientes com suspeita de Covid-19 devido a local de resid\u00eancia"},"content":{"rendered":"<p><span style=\"font-weight: 400;\">O Projeto de Lei 3066\/20 pro\u00edbe a restri\u00e7\u00e3o de atendimento a pacientes no Sistema \u00danico de Sa\u00fade (SUS) por conta da sua proced\u00eancia ou local de resid\u00eancia.<\/span><\/p>\n<p><span style=\"font-weight: 400;\">\u201cTestemunhamos com surpresa not\u00edcias de que gestores do SUS pretendem, mediante atos administrativos, negar atendimento a pacientes provindos de outros munic\u00edpios ou estados, em contraposi\u00e7\u00e3o aos princ\u00edpios que nortearam a constru\u00e7\u00e3o de nosso sistema de sa\u00fade\u201d, justificou o deputado Jos\u00e9 Nelto (Pode-GO).<\/span><\/p>\n<p><span style=\"font-weight: 400;\">Em an\u00e1lise na C\u00e2mara dos Deputados, o projeto altera a Lei 13.979\/20, que trata das medidas para enfrentamento da emerg\u00eancia de sa\u00fade p\u00fablica decorrente do coronav\u00edrus.<\/span><\/p>\n<p><span style=\"font-weight: 400;\">Outra proposta em tramita\u00e7\u00e3o na Casa (PL 2898\/20) cria regras para o atendimento pelo SUS de pacientes fora do munic\u00edpio onde residem.<\/span><\/p>\n<p><span style=\"font-weight: 400;\">No dia 14 de maio, o governador do Distrito Federal, Ibaneis Rocha, afirmou \u00e0 imprensa que iria proibir hospitais p\u00fablicos do Distrito Federal de aceitarem a entrada de pacientes com Covid-19 vindos da regi\u00e3o do Entorno. Por\u00e9m, posteriormente, recuou da decis\u00e3o.<\/span><\/p>\n<p><strong>Fonte:<\/strong> Ag\u00eancia C\u00e2mara<\/p>\n","protected":false},"excerpt":{"rendered":"<p>O Projeto de Lei 3066\/20 pro\u00edbe a restri\u00e7\u00e3o de atendimento a pacientes no Sistema \u00danico de Sa\u00fade (SUS) por conta da sua proced\u00eancia ou local de resid\u00eancia. \u201cTestemunhamos com surpresa not\u00edcias de que gestores do SUS pretendem, mediante atos administrativos, negar atendimento a pacientes provindos de outros munic\u00edpios ou estados, em contraposi\u00e7\u00e3o aos princ\u00edpios que [&hellip;]<\/p>\n","protected":false},"author":96,"featured_media":162268,"comment_status":"closed","ping_status":"closed","sticky":false,"template":"","format":"standard","meta":{"footnotes":""},"categories":[436,254,439],"tags":[],"class_list":["post-162267","post","type-post","status-publish","format-standard","has-post-thumbnail","hentry","category-destaque-da-semana","category-politica","category-ultima-hora"],"_links":{"self":[{"href":"https:\/\/diarioregionaldigital.com.br\/index.php?rest_route=\/wp\/v2\/posts\/162267","targetHints":{"allow":["GET"]}}],"collection":[{"href":"https:\/\/diarioregionaldigital.com.br\/index.php?rest_route=\/wp\/v2\/posts"}],"about":[{"href":"https:\/\/diarioregionaldigital.com.br\/index.php?rest_route=\/wp\/v2\/types\/post"}],"author":[{"embeddable":true,"href":"https:\/\/diarioregionaldigital.com.br\/index.php?rest_route=\/wp\/v2\/users\/96"}],"replies":[{"embeddable":true,"href":"https:\/\/diarioregionaldigital.com.br\/index.php?rest_route=%2Fwp%2Fv2%2Fcomments&post=162267"}],"version-history":[{"count":0,"href":"https:\/\/diarioregionaldigital.com.br\/index.php?rest_route=\/wp\/v2\/posts\/162267\/revisions"}],"wp:featuredmedia":[{"embeddable":true,"href":"https:\/\/diarioregionaldigital.com.br\/index.php?rest_route=\/wp\/v2\/media\/162268"}],"wp:attachment":[{"href":"https:\/\/diarioregionaldigital.com.br\/index.php?rest_route=%2Fwp%2Fv2%2Fmedia&parent=162267"}],"wp:term":[{"taxonomy":"category","embeddable":true,"href":"https:\/\/diarioregionaldigital.com.br\/index.php?rest_route=%2Fwp%2Fv2%2Fcategories&post=162267"},{"taxonomy":"post_tag","embeddable":true,"href":"https:\/\/diarioregionaldigital.com.br\/index.php?rest_route=%2Fwp%2Fv2%2Ftags&post=162267"}],"curies":[{"name":"wp","href":"https:\/\/api.w.org\/{rel}","templated":true}]}}