{"id":162264,"date":"2020-06-15T14:03:47","date_gmt":"2020-06-15T17:03:47","guid":{"rendered":"https:\/\/diarioregionaldigital.com.br\/?p=162264"},"modified":"2020-06-15T14:03:47","modified_gmt":"2020-06-15T17:03:47","slug":"coronavirus-estado-tem-11-553-pacientes-recuperados","status":"publish","type":"post","link":"https:\/\/diarioregionaldigital.com.br\/?p=162264","title":{"rendered":"Coronav\u00edrus: estado tem 11.553 pacientes recuperados"},"content":{"rendered":"<p>A Secretaria de Estado da Sa\u00fade de Minas Gerais (SES-MG), confirmou em boletim epidemiol\u00f3gico divulgado hoje (15), que 11.553 pacientes est\u00e3o recuperados do Coronav\u00edrus no estado. Houve aumento de 397 recuperados em rela\u00e7\u00e3o ao boletim de ontem (14). Os casos confirmados aumentaram de 21.381 para 21.728 e os \u00f3bitos confirmados totalizam 481.<\/p>\n<p>Al\u00e9m disso, foram feitos 28.645 testes laboratoriais, sendo que 3.438 deram resultado positivo, 24.433 deram negativo e 458 est\u00e3o sob an\u00e1lise.<\/p>\n<p><a href=\"https:\/\/diarioregionaldigital.com.br\/wp-content\/uploads\/2020\/06\/OBITOS_CONF_COVID-19_MG_15.06.2020.xls\">OBITOS_CONF_COVID-19_MG_15.06.2020<\/a><\/p>\n","protected":false},"excerpt":{"rendered":"<p>A Secretaria de Estado da Sa\u00fade de Minas Gerais (SES-MG), confirmou em boletim epidemiol\u00f3gico divulgado hoje (15), que 11.553 pacientes est\u00e3o recuperados do Coronav\u00edrus no estado. Houve aumento de 397 recuperados em rela\u00e7\u00e3o ao boletim de ontem (14). Os casos confirmados aumentaram de 21.381 para 21.728 e os \u00f3bitos confirmados totalizam 481. Al\u00e9m disso, foram [&hellip;]<\/p>\n","protected":false},"author":96,"featured_media":157303,"comment_status":"closed","ping_status":"closed","sticky":false,"template":"","format":"standard","meta":{"footnotes":""},"categories":[436,440,252,439],"tags":[],"class_list":["post-162264","post","type-post","status-publish","format-standard","has-post-thumbnail","hentry","category-destaque-da-semana","category-destaques-do-dia","category-regiao","category-ultima-hora"],"_links":{"self":[{"href":"https:\/\/diarioregionaldigital.com.br\/index.php?rest_route=\/wp\/v2\/posts\/162264","targetHints":{"allow":["GET"]}}],"collection":[{"href":"https:\/\/diarioregionaldigital.com.br\/index.php?rest_route=\/wp\/v2\/posts"}],"about":[{"href":"https:\/\/diarioregionaldigital.com.br\/index.php?rest_route=\/wp\/v2\/types\/post"}],"author":[{"embeddable":true,"href":"https:\/\/diarioregionaldigital.com.br\/index.php?rest_route=\/wp\/v2\/users\/96"}],"replies":[{"embeddable":true,"href":"https:\/\/diarioregionaldigital.com.br\/index.php?rest_route=%2Fwp%2Fv2%2Fcomments&post=162264"}],"version-history":[{"count":0,"href":"https:\/\/diarioregionaldigital.com.br\/index.php?rest_route=\/wp\/v2\/posts\/162264\/revisions"}],"wp:featuredmedia":[{"embeddable":true,"href":"https:\/\/diarioregionaldigital.com.br\/index.php?rest_route=\/wp\/v2\/media\/157303"}],"wp:attachment":[{"href":"https:\/\/diarioregionaldigital.com.br\/index.php?rest_route=%2Fwp%2Fv2%2Fmedia&parent=162264"}],"wp:term":[{"taxonomy":"category","embeddable":true,"href":"https:\/\/diarioregionaldigital.com.br\/index.php?rest_route=%2Fwp%2Fv2%2Fcategories&post=162264"},{"taxonomy":"post_tag","embeddable":true,"href":"https:\/\/diarioregionaldigital.com.br\/index.php?rest_route=%2Fwp%2Fv2%2Ftags&post=162264"}],"curies":[{"name":"wp","href":"https:\/\/api.w.org\/{rel}","templated":true}]}}