{"id":162231,"date":"2020-06-12T20:40:07","date_gmt":"2020-06-12T23:40:07","guid":{"rendered":"https:\/\/diarioregionaldigital.com.br\/?p=162231"},"modified":"2020-06-12T20:40:07","modified_gmt":"2020-06-12T23:40:07","slug":"balanco-aponta-mais-25-982-casos-de-covid-19-e-909-mortes-no-pais","status":"publish","type":"post","link":"https:\/\/diarioregionaldigital.com.br\/?p=162231","title":{"rendered":"Balan\u00e7o aponta mais 25.982 casos de covid-19 e 909 mortes no pa\u00eds"},"content":{"rendered":"<p>O Minist\u00e9rio da Sa\u00fade divulgou hoje (12) novos n\u00fameros sobre a pandemia do novo coronav\u00edrus (covid-19) no pa\u00eds. De acordo com levantamento di\u00e1rio feito pela pasta, o Brasil tem 828.810 casos confirmados da doen\u00e7a, e 41.828 mortes foram registradas. Os casos recuperados somam 365.063.<img decoding=\"async\" src=\"https:\/\/agenciabrasil.ebc.com.br\/ebc.png?id=1309404&amp;o=node\" \/><\/p>\n<p>Nas \u00faltimas 24 horas, o minist\u00e9rio registrou mais 25.982 casos da doen\u00e7a e 909 novas mortes.<\/p>\n<p>Entre a unidades da federa\u00e7\u00e3o com o maior n\u00famero de casos acumulados desde o in\u00edcio da pandemia,\u00a0 o estado de S\u00e3o Paulo registrou 167,9 mil casos confirmados e 10.368 \u00f3bitos. Rio de Janeiro aparece na segunda posi\u00e7\u00e3o com 77.784 e 7.417 mortes. Em seguida est\u00e3o Cear\u00e1 (75.705 casos e 4.788\u00a0 mortes) e Par\u00e1 (66.328 casos e 4.132 mortes).<\/p>\n<p>De acordo com o Minist\u00e9rio da Sa\u00fade, 412.919 casos est\u00e3o em acompanhamento e 4.033 \u00f3bitos em investiga\u00e7\u00e3o<\/p>\n<p><strong>Fonte:\u00a0<\/strong>Ag\u00eancia Brasil<\/p>\n","protected":false},"excerpt":{"rendered":"<p>O Minist\u00e9rio da Sa\u00fade divulgou hoje (12) novos n\u00fameros sobre a pandemia do novo coronav\u00edrus (covid-19) no pa\u00eds. De acordo com levantamento di\u00e1rio feito pela pasta, o Brasil tem 828.810 casos confirmados da doen\u00e7a, e 41.828 mortes foram registradas. Os casos recuperados somam 365.063. Nas \u00faltimas 24 horas, o minist\u00e9rio registrou mais 25.982 casos da [&hellip;]<\/p>\n","protected":false},"author":96,"featured_media":162244,"comment_status":"closed","ping_status":"closed","sticky":false,"template":"","format":"standard","meta":{"footnotes":""},"categories":[302,436,440,439],"tags":[],"class_list":["post-162231","post","type-post","status-publish","format-standard","has-post-thumbnail","hentry","category-brasil-mundo","category-destaque-da-semana","category-destaques-do-dia","category-ultima-hora"],"_links":{"self":[{"href":"https:\/\/diarioregionaldigital.com.br\/index.php?rest_route=\/wp\/v2\/posts\/162231","targetHints":{"allow":["GET"]}}],"collection":[{"href":"https:\/\/diarioregionaldigital.com.br\/index.php?rest_route=\/wp\/v2\/posts"}],"about":[{"href":"https:\/\/diarioregionaldigital.com.br\/index.php?rest_route=\/wp\/v2\/types\/post"}],"author":[{"embeddable":true,"href":"https:\/\/diarioregionaldigital.com.br\/index.php?rest_route=\/wp\/v2\/users\/96"}],"replies":[{"embeddable":true,"href":"https:\/\/diarioregionaldigital.com.br\/index.php?rest_route=%2Fwp%2Fv2%2Fcomments&post=162231"}],"version-history":[{"count":0,"href":"https:\/\/diarioregionaldigital.com.br\/index.php?rest_route=\/wp\/v2\/posts\/162231\/revisions"}],"wp:featuredmedia":[{"embeddable":true,"href":"https:\/\/diarioregionaldigital.com.br\/index.php?rest_route=\/wp\/v2\/media\/162244"}],"wp:attachment":[{"href":"https:\/\/diarioregionaldigital.com.br\/index.php?rest_route=%2Fwp%2Fv2%2Fmedia&parent=162231"}],"wp:term":[{"taxonomy":"category","embeddable":true,"href":"https:\/\/diarioregionaldigital.com.br\/index.php?rest_route=%2Fwp%2Fv2%2Fcategories&post=162231"},{"taxonomy":"post_tag","embeddable":true,"href":"https:\/\/diarioregionaldigital.com.br\/index.php?rest_route=%2Fwp%2Fv2%2Ftags&post=162231"}],"curies":[{"name":"wp","href":"https:\/\/api.w.org\/{rel}","templated":true}]}}