{"id":162229,"date":"2020-06-12T15:22:52","date_gmt":"2020-06-12T18:22:52","guid":{"rendered":"https:\/\/diarioregionaldigital.com.br\/?p=162229"},"modified":"2020-06-12T15:22:52","modified_gmt":"2020-06-12T18:22:52","slug":"homem-e-rendido-por-casal-armado-durante-venda-de-aparelho-celular","status":"publish","type":"post","link":"https:\/\/diarioregionaldigital.com.br\/?p=162229","title":{"rendered":"Homem \u00e9 rendido por casal armado durante venda de aparelho celular"},"content":{"rendered":"<p>Um homem de 31 anos, relatou \u00e0 Pol\u00edcia Militar (PM), que negociava a venda de um aparelho celular para uma mulher , atrav\u00e9s de aplicativo de mensagens durante alguns dias atr\u00e1s. Ontem (11), a autora entrou em contato com a v\u00edtima atrav\u00e9s do interfone da resid\u00eancia, para efetuar a compra do referido aparelho, momento que foi surpreendida por um casal, estando um indiv\u00edduo de posse de uma arma de fogo, anunciando o assalto.<\/p>\n<p>Posteriormente outro indiv\u00edduo entrou na resid\u00eancia da v\u00edtima, que foi conduzida at\u00e9 um escrit\u00f3rio, onde foi amarrado pelos p\u00e9s e m\u00e3os. O grupo roubou dez aparelhos celulares, tr\u00eas fones de ouvido sem fio, uma mochila contendo diversos rel\u00f3gios de modelos variados entre outros materiais. A v\u00edtima repassou as caracter\u00edsticas dos indiv\u00edduos mas at\u00e9 ent\u00e3o n\u00e3o foram localizados.<\/p>\n","protected":false},"excerpt":{"rendered":"<p>Um homem de 31 anos, relatou \u00e0 Pol\u00edcia Militar (PM), que negociava a venda de um aparelho celular para uma mulher , atrav\u00e9s de aplicativo de mensagens durante alguns dias atr\u00e1s. Ontem (11), a autora entrou em contato com a v\u00edtima atrav\u00e9s do interfone da resid\u00eancia, para efetuar a compra do referido aparelho, momento que [&hellip;]<\/p>\n","protected":false},"author":96,"featured_media":161269,"comment_status":"closed","ping_status":"closed","sticky":false,"template":"","format":"standard","meta":{"footnotes":""},"categories":[301,436,439],"tags":[],"class_list":["post-162229","post","type-post","status-publish","format-standard","has-post-thumbnail","hentry","category-artigos-policiais","category-destaque-da-semana","category-ultima-hora"],"_links":{"self":[{"href":"https:\/\/diarioregionaldigital.com.br\/index.php?rest_route=\/wp\/v2\/posts\/162229","targetHints":{"allow":["GET"]}}],"collection":[{"href":"https:\/\/diarioregionaldigital.com.br\/index.php?rest_route=\/wp\/v2\/posts"}],"about":[{"href":"https:\/\/diarioregionaldigital.com.br\/index.php?rest_route=\/wp\/v2\/types\/post"}],"author":[{"embeddable":true,"href":"https:\/\/diarioregionaldigital.com.br\/index.php?rest_route=\/wp\/v2\/users\/96"}],"replies":[{"embeddable":true,"href":"https:\/\/diarioregionaldigital.com.br\/index.php?rest_route=%2Fwp%2Fv2%2Fcomments&post=162229"}],"version-history":[{"count":0,"href":"https:\/\/diarioregionaldigital.com.br\/index.php?rest_route=\/wp\/v2\/posts\/162229\/revisions"}],"wp:featuredmedia":[{"embeddable":true,"href":"https:\/\/diarioregionaldigital.com.br\/index.php?rest_route=\/wp\/v2\/media\/161269"}],"wp:attachment":[{"href":"https:\/\/diarioregionaldigital.com.br\/index.php?rest_route=%2Fwp%2Fv2%2Fmedia&parent=162229"}],"wp:term":[{"taxonomy":"category","embeddable":true,"href":"https:\/\/diarioregionaldigital.com.br\/index.php?rest_route=%2Fwp%2Fv2%2Fcategories&post=162229"},{"taxonomy":"post_tag","embeddable":true,"href":"https:\/\/diarioregionaldigital.com.br\/index.php?rest_route=%2Fwp%2Fv2%2Ftags&post=162229"}],"curies":[{"name":"wp","href":"https:\/\/api.w.org\/{rel}","templated":true}]}}