{"id":162225,"date":"2020-06-12T15:12:07","date_gmt":"2020-06-12T18:12:07","guid":{"rendered":"https:\/\/diarioregionaldigital.com.br\/?p=162225"},"modified":"2020-06-12T15:12:07","modified_gmt":"2020-06-12T18:12:07","slug":"policial-militar-e-atingido-por-motocicleta-em-blitz-no-santo-antonio","status":"publish","type":"post","link":"https:\/\/diarioregionaldigital.com.br\/?p=162225","title":{"rendered":"Policial Militar \u00e9 atingido por motocicleta em blitz no Santo Ant\u00f4nio"},"content":{"rendered":"<p>Durante uma blitz da Pol\u00edcia Militar (PM), realizada na manh\u00e3 de ontem (11) no Bairro Santo Ant\u00f4nio (Regi\u00e3o Leste), o condutor de uma motocicleta vermelha ignorou uma ordem de parada e acelerou em dire\u00e7\u00e3o a um policial militar, que caiu ao solo e ap\u00f3s a a\u00e7\u00e3o, o condutor perdeu o controle e caiu da moto. Os dois foram encaminhados para o Hospital Pronto Socorro (HPS) e foram constatados les\u00f5es leves.<\/p>\n","protected":false},"excerpt":{"rendered":"<p>Durante uma blitz da Pol\u00edcia Militar (PM), realizada na manh\u00e3 de ontem (11) no Bairro Santo Ant\u00f4nio (Regi\u00e3o Leste), o condutor de uma motocicleta vermelha ignorou uma ordem de parada e acelerou em dire\u00e7\u00e3o a um policial militar, que caiu ao solo e ap\u00f3s a a\u00e7\u00e3o, o condutor perdeu o controle e caiu da moto. [&hellip;]<\/p>\n","protected":false},"author":96,"featured_media":161269,"comment_status":"closed","ping_status":"closed","sticky":false,"template":"","format":"standard","meta":{"footnotes":""},"categories":[301,436,439],"tags":[],"class_list":["post-162225","post","type-post","status-publish","format-standard","has-post-thumbnail","hentry","category-artigos-policiais","category-destaque-da-semana","category-ultima-hora"],"_links":{"self":[{"href":"https:\/\/diarioregionaldigital.com.br\/index.php?rest_route=\/wp\/v2\/posts\/162225","targetHints":{"allow":["GET"]}}],"collection":[{"href":"https:\/\/diarioregionaldigital.com.br\/index.php?rest_route=\/wp\/v2\/posts"}],"about":[{"href":"https:\/\/diarioregionaldigital.com.br\/index.php?rest_route=\/wp\/v2\/types\/post"}],"author":[{"embeddable":true,"href":"https:\/\/diarioregionaldigital.com.br\/index.php?rest_route=\/wp\/v2\/users\/96"}],"replies":[{"embeddable":true,"href":"https:\/\/diarioregionaldigital.com.br\/index.php?rest_route=%2Fwp%2Fv2%2Fcomments&post=162225"}],"version-history":[{"count":0,"href":"https:\/\/diarioregionaldigital.com.br\/index.php?rest_route=\/wp\/v2\/posts\/162225\/revisions"}],"wp:featuredmedia":[{"embeddable":true,"href":"https:\/\/diarioregionaldigital.com.br\/index.php?rest_route=\/wp\/v2\/media\/161269"}],"wp:attachment":[{"href":"https:\/\/diarioregionaldigital.com.br\/index.php?rest_route=%2Fwp%2Fv2%2Fmedia&parent=162225"}],"wp:term":[{"taxonomy":"category","embeddable":true,"href":"https:\/\/diarioregionaldigital.com.br\/index.php?rest_route=%2Fwp%2Fv2%2Fcategories&post=162225"},{"taxonomy":"post_tag","embeddable":true,"href":"https:\/\/diarioregionaldigital.com.br\/index.php?rest_route=%2Fwp%2Fv2%2Ftags&post=162225"}],"curies":[{"name":"wp","href":"https:\/\/api.w.org\/{rel}","templated":true}]}}