{"id":162222,"date":"2020-06-12T14:14:08","date_gmt":"2020-06-12T17:14:08","guid":{"rendered":"https:\/\/diarioregionaldigital.com.br\/?p=162222"},"modified":"2020-06-12T14:14:08","modified_gmt":"2020-06-12T17:14:08","slug":"f1-cancelas-as-etapas-de-singapura-azerbaijao-e-japao","status":"publish","type":"post","link":"https:\/\/diarioregionaldigital.com.br\/?p=162222","title":{"rendered":"F1 cancelas as etapas de Singapura, Azerbaij\u00e3o e Jap\u00e3o"},"content":{"rendered":"<p><span style=\"font-weight: 400;\">A F1 anunciou em comunicado oficial, o cancelamento de mais tr\u00eas etapas do calend\u00e1rio de 2020. Trata-se de Singapura, Azerbaij\u00e3o e Jap\u00e3o, por conta da pandemia do Coronav\u00edrus.<\/span><\/p>\n<p><span style=\"font-weight: 400;\">Prevista inicialmente para 7 de junho, a etapa do Azerbaij\u00e3o havia sido adiada em um primeiro momento. J\u00e1 os GPs de Singapura e Jap\u00e3o estavam agendados, respectivamente, para 20 de setembro e 11 de outubro na primeira vers\u00e3o do calend\u00e1rio.<\/span><\/p>\n<p><span style=\"font-weight: 400;\">Segundo informa\u00e7\u00f5es do site oficial da F1, Singapura e Azerbaij\u00e3o cancelaram suas respectivas provas, pois ambos os pa\u00edses necessitam de um tempo maior para construir os circuitos, uma vez que s\u00e3o corridas de rua. J\u00e1 a etapa na \u201cTerra do Sol Nascente\u201d foi retirado do calend\u00e1rio devido \u00e0s restri\u00e7\u00f5es de viagens internacionais.<\/span><\/p>\n<p><span style=\"font-weight: 400;\">Al\u00e9m disso, a F1 diz que continua trabalhando duro para finalizar o calend\u00e1rio restante da temporada e est\u00e1 confiante de ter entre 15 e 18 corridas no momento em que a temporada termina em Abu Dhabi, em meados de dezembro. Espera-se que um novo calend\u00e1rio seja publicado antes do in\u00edcio da temporada na \u00c1ustria no dia 5 de julho.<\/span><\/p>\n<p><span style=\"font-weight: 400;\">Na quinta-feira (11), o chefe do automobilismo da F1, Ross Brawn, explicou que o plano para a segunda metade da temporada est\u00e1 se aproximando:<\/span><\/p>\n<p><span style=\"font-weight: 400;\">&#8220;As coisas est\u00e3o mudando rapidamente, mas ainda temos tempo. Temos muitas op\u00e7\u00f5es diferentes e estamos muito confiantes de que teremos uma \u00f3tima segunda metade da temporada. H\u00e1 uma conting\u00eancia para se prolongar a temporada europeia com mais uma ou duas corridas, se necess\u00e1rio. Acho que o Bahrein e Abu Dhabi ser\u00e3o os bastidores da temporada do que podemos ver no momento. Isso nos d\u00e1 10. Vamos encontrar pelo menos cinco ou seis boas corridas no meio.&#8221;<\/span><\/p>\n<p><span style=\"font-weight: 400;\">Brawn tamb\u00e9m revela que outras faixas europeias est\u00e3o sendo avaliadas, como, \u00cdmola, Portim\u00e3o e Hockenheim, todos da Ferrari, todos considerados em considera\u00e7\u00e3o:<\/span><\/p>\n<p><span style=\"font-weight: 400;\">&#8220;H\u00e1 v\u00e1rias pistas europeias boas em que podemos adicionar mais uma ou duas corridas para garantir uma temporada abrangente. N\u00e3o vamos declarar ainda, pois ainda est\u00e1 em andamento.\u201d<\/span><\/p>\n<p><span style=\"font-weight: 400;\">Diante dos fatos, Austr\u00e1lia, Holanda, M\u00f4naco, Azerbaij\u00e3o, Fran\u00e7a, Singapura e Jap\u00e3o s\u00e3o as etapas canceladas da temporada 2020 da F1. Bahrein, China, Vietn\u00e3 e Canad\u00e1, que foram adiadas est\u00e3o com as situa\u00e7\u00f5es sob an\u00e1lise.<\/span><\/p>\n<p>&nbsp;<\/p>\n","protected":false},"excerpt":{"rendered":"<p>A F1 anunciou em comunicado oficial, o cancelamento de mais tr\u00eas etapas do calend\u00e1rio de 2020. Trata-se de Singapura, Azerbaij\u00e3o e Jap\u00e3o, por conta da pandemia do Coronav\u00edrus. Prevista inicialmente para 7 de junho, a etapa do Azerbaij\u00e3o havia sido adiada em um primeiro momento. J\u00e1 os GPs de Singapura e Jap\u00e3o estavam agendados, respectivamente, [&hellip;]<\/p>\n","protected":false},"author":96,"featured_media":162223,"comment_status":"closed","ping_status":"closed","sticky":false,"template":"","format":"standard","meta":{"footnotes":""},"categories":[436,257,439],"tags":[],"class_list":["post-162222","post","type-post","status-publish","format-standard","has-post-thumbnail","hentry","category-destaque-da-semana","category-esporte","category-ultima-hora"],"_links":{"self":[{"href":"https:\/\/diarioregionaldigital.com.br\/index.php?rest_route=\/wp\/v2\/posts\/162222","targetHints":{"allow":["GET"]}}],"collection":[{"href":"https:\/\/diarioregionaldigital.com.br\/index.php?rest_route=\/wp\/v2\/posts"}],"about":[{"href":"https:\/\/diarioregionaldigital.com.br\/index.php?rest_route=\/wp\/v2\/types\/post"}],"author":[{"embeddable":true,"href":"https:\/\/diarioregionaldigital.com.br\/index.php?rest_route=\/wp\/v2\/users\/96"}],"replies":[{"embeddable":true,"href":"https:\/\/diarioregionaldigital.com.br\/index.php?rest_route=%2Fwp%2Fv2%2Fcomments&post=162222"}],"version-history":[{"count":0,"href":"https:\/\/diarioregionaldigital.com.br\/index.php?rest_route=\/wp\/v2\/posts\/162222\/revisions"}],"wp:featuredmedia":[{"embeddable":true,"href":"https:\/\/diarioregionaldigital.com.br\/index.php?rest_route=\/wp\/v2\/media\/162223"}],"wp:attachment":[{"href":"https:\/\/diarioregionaldigital.com.br\/index.php?rest_route=%2Fwp%2Fv2%2Fmedia&parent=162222"}],"wp:term":[{"taxonomy":"category","embeddable":true,"href":"https:\/\/diarioregionaldigital.com.br\/index.php?rest_route=%2Fwp%2Fv2%2Fcategories&post=162222"},{"taxonomy":"post_tag","embeddable":true,"href":"https:\/\/diarioregionaldigital.com.br\/index.php?rest_route=%2Fwp%2Fv2%2Ftags&post=162222"}],"curies":[{"name":"wp","href":"https:\/\/api.w.org\/{rel}","templated":true}]}}