{"id":162192,"date":"2020-06-12T13:05:27","date_gmt":"2020-06-12T16:05:27","guid":{"rendered":"https:\/\/diarioregionaldigital.com.br\/?p=162192"},"modified":"2020-06-12T13:05:27","modified_gmt":"2020-06-12T16:05:27","slug":"latam-e-delta-levam-ao-cade-proposta-de-joint-venture","status":"publish","type":"post","link":"https:\/\/diarioregionaldigital.com.br\/?p=162192","title":{"rendered":"Latam e Delta levam ao Cade proposta de joint venture"},"content":{"rendered":"<p>A empresa a\u00e9rea Latam levou ao Conselho Administrativo de Defesa Econ\u00f4mica (Cade) a proposta de forma\u00e7\u00e3o de uma companhia conjunta (joint venture) com a Delta Airlines, gigante americana do setor.<\/p>\n<p>A parceria foi anunciada no ano passado. A Delta possu\u00eda participa\u00e7\u00e3o na Gol, mas se desfez dela no fim de 2019. O acordo de joint venture foi assinado no dia 9 de maio, mas depende da aprova\u00e7\u00e3o de autoridades regulat\u00f3rias dos respectivos pa\u00edses onde o novo grupo ir\u00e1 atuar, no caso, o Cade no Brasil.<\/p>\n<p>O diretor-executivo da Latam Brasil, Jerome Cadier, afirmou que a cria\u00e7\u00e3o da joint venture faz parte da estrat\u00e9gia de enfrentamento das perdas diante do cen\u00e1rio da pandemia.<\/p>\n<p>\u201cNossa alian\u00e7a estrat\u00e9gica com a Delta continua sendo uma prioridade. Essa apresenta\u00e7\u00e3o reafirma nosso compromisso em fornecer aos clientes lideran\u00e7a em conectividade e experi\u00eancia de viagem nas Am\u00e9ricas e a alian\u00e7a \u00e9 uma das maneiras pelas quais emergiremos dessa crise global como um grupo de companhias a\u00e9reas mais forte, mais \u00e1gil e mais competitivo\u201d, afirmou, em nota.<\/p>\n<p>A Latam apresentou pedido de recupera\u00e7\u00e3o judicial nos Estados Unidos por conta dos efeitos da crise provocada pela pandemia. No dia 26 de maio, o ministro da Infraestrutura, Tarc\u00edsio Freitas, declarou que o governo acompanha o caso da empresa a\u00e9rea.<\/p>\n<p>Em nota, o diretor-executivo da Delta, Ed Bastian, comentou, no site da empresa, que a parceria j\u00e1 havia sido constru\u00edda no ano passado e que o novo contexto aprofundou a inten\u00e7\u00e3o de constru\u00e7\u00e3o da atua\u00e7\u00e3o conjunta.<\/p>\n<p>\u201cEnquanto nossas companhias enfrentam os impactos da covid-19 nos nossos neg\u00f3cios e adotam medidas para proteger a seguran\u00e7a dos nossos consumidores e empregados, estamos construindo a alian\u00e7a que sabemos que eles [consumidores] ir\u00e3o querer voar no futuro\u201d, ressaltou.<\/p>\n<p><strong>Fonte:\u00a0<\/strong>Ag\u00eancia Brasil<\/p>\n","protected":false},"excerpt":{"rendered":"<p>A empresa a\u00e9rea Latam levou ao Conselho Administrativo de Defesa Econ\u00f4mica (Cade) a proposta de forma\u00e7\u00e3o de uma companhia conjunta (joint venture) com a Delta Airlines, gigante americana do setor. A parceria foi anunciada no ano passado. A Delta possu\u00eda participa\u00e7\u00e3o na Gol, mas se desfez dela no fim de 2019. O acordo de joint [&hellip;]<\/p>\n","protected":false},"author":96,"featured_media":162193,"comment_status":"closed","ping_status":"closed","sticky":false,"template":"","format":"standard","meta":{"footnotes":""},"categories":[436,261,439],"tags":[],"class_list":["post-162192","post","type-post","status-publish","format-standard","has-post-thumbnail","hentry","category-destaque-da-semana","category-economia","category-ultima-hora"],"_links":{"self":[{"href":"https:\/\/diarioregionaldigital.com.br\/index.php?rest_route=\/wp\/v2\/posts\/162192","targetHints":{"allow":["GET"]}}],"collection":[{"href":"https:\/\/diarioregionaldigital.com.br\/index.php?rest_route=\/wp\/v2\/posts"}],"about":[{"href":"https:\/\/diarioregionaldigital.com.br\/index.php?rest_route=\/wp\/v2\/types\/post"}],"author":[{"embeddable":true,"href":"https:\/\/diarioregionaldigital.com.br\/index.php?rest_route=\/wp\/v2\/users\/96"}],"replies":[{"embeddable":true,"href":"https:\/\/diarioregionaldigital.com.br\/index.php?rest_route=%2Fwp%2Fv2%2Fcomments&post=162192"}],"version-history":[{"count":0,"href":"https:\/\/diarioregionaldigital.com.br\/index.php?rest_route=\/wp\/v2\/posts\/162192\/revisions"}],"wp:featuredmedia":[{"embeddable":true,"href":"https:\/\/diarioregionaldigital.com.br\/index.php?rest_route=\/wp\/v2\/media\/162193"}],"wp:attachment":[{"href":"https:\/\/diarioregionaldigital.com.br\/index.php?rest_route=%2Fwp%2Fv2%2Fmedia&parent=162192"}],"wp:term":[{"taxonomy":"category","embeddable":true,"href":"https:\/\/diarioregionaldigital.com.br\/index.php?rest_route=%2Fwp%2Fv2%2Fcategories&post=162192"},{"taxonomy":"post_tag","embeddable":true,"href":"https:\/\/diarioregionaldigital.com.br\/index.php?rest_route=%2Fwp%2Fv2%2Ftags&post=162192"}],"curies":[{"name":"wp","href":"https:\/\/api.w.org\/{rel}","templated":true}]}}