{"id":162189,"date":"2020-06-12T13:03:17","date_gmt":"2020-06-12T16:03:17","guid":{"rendered":"https:\/\/diarioregionaldigital.com.br\/?p=162189"},"modified":"2020-06-12T13:03:17","modified_gmt":"2020-06-12T16:03:17","slug":"minas-gerais-passa-da-marca-de-20-mil-casos-confirmados-por-coronavirus","status":"publish","type":"post","link":"https:\/\/diarioregionaldigital.com.br\/?p=162189","title":{"rendered":"Minas Gerais passa da marca de 20 mil casos confirmados por Coronav\u00edrus"},"content":{"rendered":"<p>O\u00a0<a href=\"https:\/\/www.saude.mg.gov.br\/images\/noticias_e_eventos\/000_2020\/Boletins_Corona\/Boletim_Epidemiologico_COVID-19_12.06.2020.pdf\">boletim epidemiol\u00f3gico<\/a> divulgado nesta sexta-feira (12) pela Secretaria de Estado da Sa\u00fade de Minas Gerais (SES-MG), aponta que o estado chegou a marca de 20.106 casos confirmados por Coronav\u00edrus. Os \u00f3bitos confirmados subiram de 431 para 446.<\/p>\n<p>Segundo os dados atualizados, houve aumento 8.307 para 9.822 pacientes recuperados. Al\u00e9m disso, foram feitos 27.641 testes laboratoriais, sendo que 2.986 deram resultado positivo, 23.486 deram negativo para Coronav\u00edrus e 872 est\u00e3o sob an\u00e1lise.<\/p>\n<p>Os\u00a0dados atualizados\u00a0referentes a \u00f3bitos confirmados em Minas Gerais podem ser conferidos no anexo abaixo.<\/p>\n<p><a href=\"https:\/\/diarioregionaldigital.com.br\/wp-content\/uploads\/2020\/06\/OBITOS_CONF_COVID-19_MG_12.06.2020.xls\">OBITOS_CONF_COVID-19_MG_12.06.2020<\/a><\/p>\n","protected":false},"excerpt":{"rendered":"<p>O\u00a0boletim epidemiol\u00f3gico divulgado nesta sexta-feira (12) pela Secretaria de Estado da Sa\u00fade de Minas Gerais (SES-MG), aponta que o estado chegou a marca de 20.106 casos confirmados por Coronav\u00edrus. Os \u00f3bitos confirmados subiram de 431 para 446. Segundo os dados atualizados, houve aumento 8.307 para 9.822 pacientes recuperados. Al\u00e9m disso, foram feitos 27.641 testes laboratoriais, [&hellip;]<\/p>\n","protected":false},"author":96,"featured_media":158356,"comment_status":"closed","ping_status":"closed","sticky":false,"template":"","format":"standard","meta":{"footnotes":""},"categories":[436,440,252,439],"tags":[],"class_list":["post-162189","post","type-post","status-publish","format-standard","has-post-thumbnail","hentry","category-destaque-da-semana","category-destaques-do-dia","category-regiao","category-ultima-hora"],"_links":{"self":[{"href":"https:\/\/diarioregionaldigital.com.br\/index.php?rest_route=\/wp\/v2\/posts\/162189","targetHints":{"allow":["GET"]}}],"collection":[{"href":"https:\/\/diarioregionaldigital.com.br\/index.php?rest_route=\/wp\/v2\/posts"}],"about":[{"href":"https:\/\/diarioregionaldigital.com.br\/index.php?rest_route=\/wp\/v2\/types\/post"}],"author":[{"embeddable":true,"href":"https:\/\/diarioregionaldigital.com.br\/index.php?rest_route=\/wp\/v2\/users\/96"}],"replies":[{"embeddable":true,"href":"https:\/\/diarioregionaldigital.com.br\/index.php?rest_route=%2Fwp%2Fv2%2Fcomments&post=162189"}],"version-history":[{"count":0,"href":"https:\/\/diarioregionaldigital.com.br\/index.php?rest_route=\/wp\/v2\/posts\/162189\/revisions"}],"wp:featuredmedia":[{"embeddable":true,"href":"https:\/\/diarioregionaldigital.com.br\/index.php?rest_route=\/wp\/v2\/media\/158356"}],"wp:attachment":[{"href":"https:\/\/diarioregionaldigital.com.br\/index.php?rest_route=%2Fwp%2Fv2%2Fmedia&parent=162189"}],"wp:term":[{"taxonomy":"category","embeddable":true,"href":"https:\/\/diarioregionaldigital.com.br\/index.php?rest_route=%2Fwp%2Fv2%2Fcategories&post=162189"},{"taxonomy":"post_tag","embeddable":true,"href":"https:\/\/diarioregionaldigital.com.br\/index.php?rest_route=%2Fwp%2Fv2%2Ftags&post=162189"}],"curies":[{"name":"wp","href":"https:\/\/api.w.org\/{rel}","templated":true}]}}