{"id":162184,"date":"2020-06-11T18:03:35","date_gmt":"2020-06-11T21:03:35","guid":{"rendered":"https:\/\/diarioregionaldigital.com.br\/?p=162184"},"modified":"2020-06-11T18:03:35","modified_gmt":"2020-06-11T21:03:35","slug":"grupo-de-quatro-jovens-e-rendido-por-tres-assaltantes-no-bom-pastor","status":"publish","type":"post","link":"https:\/\/diarioregionaldigital.com.br\/?p=162184","title":{"rendered":"Grupo de quatro jovens \u00e9 rendido por tr\u00eas assaltantes no Bom Pastor"},"content":{"rendered":"<p>Um grupo formado por quatro jovens, com idade de 20 a 25 anos,\u00a0 relataram que estariam juntas quando foram abordadas por tr\u00eas indiv\u00edduos, sendo que um deles portava um fac\u00e3o e agindo de grave amea\u00e7a, pegou os aparelhos celulares e a quantia de R$70,00 em dinheiro. Os autores fugiram sentido bairro Po\u00e7o Rico, e ap\u00f3s intenso rastreamento, parte dos objetos foi encontrado no local.<\/p>\n","protected":false},"excerpt":{"rendered":"<p>Um grupo formado por quatro jovens, com idade de 20 a 25 anos,\u00a0 relataram que estariam juntas quando foram abordadas por tr\u00eas indiv\u00edduos, sendo que um deles portava um fac\u00e3o e agindo de grave amea\u00e7a, pegou os aparelhos celulares e a quantia de R$70,00 em dinheiro. Os autores fugiram sentido bairro Po\u00e7o Rico, e ap\u00f3s [&hellip;]<\/p>\n","protected":false},"author":96,"featured_media":161269,"comment_status":"closed","ping_status":"closed","sticky":false,"template":"","format":"standard","meta":{"footnotes":""},"categories":[301,436,439],"tags":[],"class_list":["post-162184","post","type-post","status-publish","format-standard","has-post-thumbnail","hentry","category-artigos-policiais","category-destaque-da-semana","category-ultima-hora"],"_links":{"self":[{"href":"https:\/\/diarioregionaldigital.com.br\/index.php?rest_route=\/wp\/v2\/posts\/162184","targetHints":{"allow":["GET"]}}],"collection":[{"href":"https:\/\/diarioregionaldigital.com.br\/index.php?rest_route=\/wp\/v2\/posts"}],"about":[{"href":"https:\/\/diarioregionaldigital.com.br\/index.php?rest_route=\/wp\/v2\/types\/post"}],"author":[{"embeddable":true,"href":"https:\/\/diarioregionaldigital.com.br\/index.php?rest_route=\/wp\/v2\/users\/96"}],"replies":[{"embeddable":true,"href":"https:\/\/diarioregionaldigital.com.br\/index.php?rest_route=%2Fwp%2Fv2%2Fcomments&post=162184"}],"version-history":[{"count":0,"href":"https:\/\/diarioregionaldigital.com.br\/index.php?rest_route=\/wp\/v2\/posts\/162184\/revisions"}],"wp:featuredmedia":[{"embeddable":true,"href":"https:\/\/diarioregionaldigital.com.br\/index.php?rest_route=\/wp\/v2\/media\/161269"}],"wp:attachment":[{"href":"https:\/\/diarioregionaldigital.com.br\/index.php?rest_route=%2Fwp%2Fv2%2Fmedia&parent=162184"}],"wp:term":[{"taxonomy":"category","embeddable":true,"href":"https:\/\/diarioregionaldigital.com.br\/index.php?rest_route=%2Fwp%2Fv2%2Fcategories&post=162184"},{"taxonomy":"post_tag","embeddable":true,"href":"https:\/\/diarioregionaldigital.com.br\/index.php?rest_route=%2Fwp%2Fv2%2Ftags&post=162184"}],"curies":[{"name":"wp","href":"https:\/\/api.w.org\/{rel}","templated":true}]}}