{"id":162179,"date":"2020-06-11T17:54:00","date_gmt":"2020-06-11T20:54:00","guid":{"rendered":"https:\/\/diarioregionaldigital.com.br\/?p=162179"},"modified":"2020-06-11T17:54:00","modified_gmt":"2020-06-11T20:54:00","slug":"juiza-concede-liminar-que-proibe-procon-de-multar-escolas-que-nao-oferecem-30-de-desconto-nas-matriculas","status":"publish","type":"post","link":"https:\/\/diarioregionaldigital.com.br\/?p=162179","title":{"rendered":"Ju\u00edza concede liminar que pro\u00edbe Procon de multar escolas que n\u00e3o oferecem 30% de desconto nas matr\u00edculas"},"content":{"rendered":"<p>A ju\u00edza Roberta Ara\u00fajo de Carvalho Maciel, da 1\u00aa Vara da Fazenda P\u00fablica e Autarquias Municipais da Comarca de Juiz de Fora, concedeu uma liminar que impede o Procon de aplicar multa \u00e0s escolas de rede particular, que n\u00e3o oferecerem desconto 30% nas mensalidades durante o per\u00edodo da pandemia do novo coronav\u00edrus.<\/p>\n<p>A redu\u00e7\u00e3o foi estabelecida no dia 29 de maio e prev\u00ea que a\u00a0redu\u00e7\u00e3o ser\u00e1 aplicada durante o tempo em que as escolas estiverem com suas atividades suspensas em virtude do plano municipal de conting\u00eancia que busca evitar a prolifera\u00e7\u00e3o do novo Coronav\u00edrus. De acordo com o PL, os estabelecimentos de ensino que possuam calend\u00e1rio regular, com previs\u00e3o de recesso semestral, poder\u00e3o aplicar a redu\u00e7\u00e3o da mensalidade a partir do 31\u00ba dia de suspens\u00e3o das aulas.<\/p>\n<p>Al\u00e9m disso, foi estabelecido que em caso de descumprimento da norma, incidir\u00e1 sobre a empresa multa de at\u00e9 R$ 2.500, passando para R$ 5.000 em caso de reincid\u00eancia.<\/p>\n<p>Segundo o Sinepe\/Sudeste, a Lei 14.043\/2020 \u201cpadece de inconstitucionalidades, quer em raz\u00e3o da invas\u00e3o de compet\u00eancia da Uni\u00e3o para legislar sobre direitos civis e contratos, quer em raz\u00e3o da exacerba\u00e7\u00e3o do poder de interven\u00e7\u00e3o estatal no dom\u00ednio econ\u00f4mico\u201d.<\/p>\n","protected":false},"excerpt":{"rendered":"<p>A ju\u00edza Roberta Ara\u00fajo de Carvalho Maciel, da 1\u00aa Vara da Fazenda P\u00fablica e Autarquias Municipais da Comarca de Juiz de Fora, concedeu uma liminar que impede o Procon de aplicar multa \u00e0s escolas de rede particular, que n\u00e3o oferecerem desconto 30% nas mensalidades durante o per\u00edodo da pandemia do novo coronav\u00edrus. A redu\u00e7\u00e3o foi [&hellip;]<\/p>\n","protected":false},"author":96,"featured_media":162180,"comment_status":"closed","ping_status":"closed","sticky":false,"template":"","format":"standard","meta":{"footnotes":""},"categories":[253,436,440,439],"tags":[],"class_list":["post-162179","post","type-post","status-publish","format-standard","has-post-thumbnail","hentry","category-cidade","category-destaque-da-semana","category-destaques-do-dia","category-ultima-hora"],"_links":{"self":[{"href":"https:\/\/diarioregionaldigital.com.br\/index.php?rest_route=\/wp\/v2\/posts\/162179","targetHints":{"allow":["GET"]}}],"collection":[{"href":"https:\/\/diarioregionaldigital.com.br\/index.php?rest_route=\/wp\/v2\/posts"}],"about":[{"href":"https:\/\/diarioregionaldigital.com.br\/index.php?rest_route=\/wp\/v2\/types\/post"}],"author":[{"embeddable":true,"href":"https:\/\/diarioregionaldigital.com.br\/index.php?rest_route=\/wp\/v2\/users\/96"}],"replies":[{"embeddable":true,"href":"https:\/\/diarioregionaldigital.com.br\/index.php?rest_route=%2Fwp%2Fv2%2Fcomments&post=162179"}],"version-history":[{"count":0,"href":"https:\/\/diarioregionaldigital.com.br\/index.php?rest_route=\/wp\/v2\/posts\/162179\/revisions"}],"wp:featuredmedia":[{"embeddable":true,"href":"https:\/\/diarioregionaldigital.com.br\/index.php?rest_route=\/wp\/v2\/media\/162180"}],"wp:attachment":[{"href":"https:\/\/diarioregionaldigital.com.br\/index.php?rest_route=%2Fwp%2Fv2%2Fmedia&parent=162179"}],"wp:term":[{"taxonomy":"category","embeddable":true,"href":"https:\/\/diarioregionaldigital.com.br\/index.php?rest_route=%2Fwp%2Fv2%2Fcategories&post=162179"},{"taxonomy":"post_tag","embeddable":true,"href":"https:\/\/diarioregionaldigital.com.br\/index.php?rest_route=%2Fwp%2Fv2%2Ftags&post=162179"}],"curies":[{"name":"wp","href":"https:\/\/api.w.org\/{rel}","templated":true}]}}