{"id":162176,"date":"2020-06-11T15:47:50","date_gmt":"2020-06-11T18:47:50","guid":{"rendered":"https:\/\/diarioregionaldigital.com.br\/?p=162176"},"modified":"2020-06-11T15:47:50","modified_gmt":"2020-06-11T18:47:50","slug":"macrorregiao-centro-que-engloba-a-rmbh-retorna-a-onda-branca-do-plano-minas-consciente-apos-aumento-de-casos","status":"publish","type":"post","link":"https:\/\/diarioregionaldigital.com.br\/?p=162176","title":{"rendered":"Macrorregi\u00e3o Centro, que engloba a RMBH, retorna \u00e0 onda branca do plano Minas Consciente ap\u00f3s aumento de casos"},"content":{"rendered":"<p>A macrorregi\u00e3o de Sa\u00fade\u00a0Centro, onde fica localizada a Regi\u00e3o Metropolitana de Belo Horizonte, vai retornar \u00e0 onda branca do plano Minas Consciente, criado pelo\u00a0Governo de Minas\u00a0para promover a retomada econ\u00f4mica gradual e coordenada nas cidades mineiras durante a pandemia do coronav\u00edrus.<\/p>\n<p>Com a mudan\u00e7a, as 101 cidades da regi\u00e3o est\u00e3o orientadas a manterem fechados estabelecimentos como papelarias, sal\u00f5es de beleza e lojas de roupas. Podem continuar funcionando os servi\u00e7os essenciais e as atividades autorizadas na onda branca, como autoescolas, lojas de artigos esportivos e floriculturas.<\/p>\n<p>A decis\u00e3o foi tomada pelo Comit\u00ea Extraordin\u00e1rio Covid-19, nesta quarta-feira (10\/6), em fun\u00e7\u00e3o do aumento do n\u00famero de casos na localidade e da alta ocupa\u00e7\u00e3o da rede hospitalar. Por outro lado, o grupo t\u00e9cnico avaliou que a macrorregi\u00e3o de Sa\u00fade Norte atende os requisitos necess\u00e1rios para avan\u00e7ar para a onda amarela do plano, adotando medidas mais flex\u00edveis para a retomada do com\u00e9rcio. As outras 12 macrorregi\u00f5es de Sa\u00fade mineiras ser\u00e3o mantidas nas ondas determinadas durantes os \u00faltimos encontros do Comit\u00ea.<\/p>\n<p>O governador Romeu Zema destacou que o n\u00famero de casos tem aumentado no territ\u00f3rio mineiro e \u00e9 fundamental que todos se empenhem para manter o m\u00e1ximo de isolamento poss\u00edvel e as medidas de prote\u00e7\u00e3o que desaceleram a propaga\u00e7\u00e3o da doen\u00e7a.<\/p>\n<p>\u201cMinas Gerais, at\u00e9 o momento, tem combatido de forma adequada a pandemia, mas nos \u00faltimos dez dias o n\u00famero de casos subiu mais que o esperado, e isso tem nos preocupado. A recomenda\u00e7\u00e3o \u00e9 que mantenhamos o isolamento sempre que for poss\u00edvel. E quando n\u00e3o for, que adotemos as medidas preventivas, como distanciamento, uso de m\u00e1scara de prote\u00e7\u00e3o e higieniza\u00e7\u00e3o dos locais onde as pessoas tocam, para manter a pandemia sob controle. Ela est\u00e1 longe de ter sido vencida\u201d, alertou.<\/p>\n<p>Todas as mudan\u00e7as definidas na reuni\u00e3o do Comit\u00ea Extraordin\u00e1rio Covid-19 passar\u00e3o a valer a partir desta quinta-feira (11\/6), com a publica\u00e7\u00e3o no Di\u00e1rio Oficial do Estado. O encontro contou com a participa\u00e7\u00e3o do vice-governador Paulo Brant, dos secret\u00e1rios de Estado e de representantes do Minist\u00e9rio P\u00fablico do Trabalho, do Minist\u00e9rio P\u00fablico de Minas Gerais, da Defensoria P\u00fablica e do Tribunal de Contas do Estado.<\/p>\n<p><strong>Festas juninas<\/strong><\/p>\n<p>O governador Romeu Zema tamb\u00e9m pediu que a popula\u00e7\u00e3o n\u00e3o realize festas juninas e outras comemora\u00e7\u00f5es t\u00edpicas da esta\u00e7\u00e3o, j\u00e1 que as aglomera\u00e7\u00f5es poderiam gerar um grande \u00edndice de contamina\u00e7\u00f5es e sobrecarregar o sistema de sa\u00fade estadual.<\/p>\n<p>\u201cAgora que estamos no m\u00eas de junho, quando realizamos as festas juninas, saliento que, infelizmente, apesar de tamb\u00e9m apreciar e gostar, n\u00e3o teremos condi\u00e7\u00e3o de realizar esse tipo de comemora\u00e7\u00e3o neste ano. Estamos perto de atingir o pico da pandemia no estado, previsto para o m\u00eas de julho. Muitas vezes, como as pessoas n\u00e3o veem m\u00e1s not\u00edcias sobre Minas nos jornais, come\u00e7am a julgar erroneamente que o estado est\u00e1 com a situa\u00e7\u00e3o resolvida. N\u00e3o est\u00e1. O que est\u00e1 acontecendo em outros estados, com pessoas sem atendimento m\u00e9dico, pode ser a realidade de Minas no futuro, caso n\u00e3o tenhamos cuidado agora. Eu tenho certeza que o mineiro n\u00e3o quer essa situa\u00e7\u00e3o. Conto com a colabora\u00e7\u00e3o de todos\u201d, disse.<\/p>\n<p><strong>Minas Consciente<\/strong><\/p>\n<p>At\u00e9 o dia 10 de junho, 130 prefeituras j\u00e1 tinham oficializado a ades\u00e3o ao Minas Consciente.\u00a0Elaborado pelo governo estadual, o plano setoriza as atividades econ\u00f4micas em quatro \u201condas\u201d (onda verde \u2013 servi\u00e7os essenciais; onda branca \u2013 primeira fase; onda amarela \u2013 segunda fase; onda vermelha \u2013 terceira fase), a serem liberadas para funcionamento de forma progressiva, conforme indicadores de capacidade assistencial e de propaga\u00e7\u00e3o da doen\u00e7a.<\/p>\n<p>O plano tem objetivo de orientar as prefeituras. Ficar\u00e1 a crit\u00e9rio de cada prefeito aderir e seguir os protocolos em seu munic\u00edpio. Os empres\u00e1rios que desejam reativar seus estabelecimentos devem consultar se a prefeitura local aderiu ao plano\u00a0e seguir as orienta\u00e7\u00f5es da\u00a0Secretaria de Estado de Sa\u00fade (SES-MG).<\/p>\n<p>Para a avalia\u00e7\u00e3o das ondas s\u00e3o analisados os dados fornecidos pela Sala de Situa\u00e7\u00e3o da Secretaria de Estado de Sa\u00fade, que realiza o monitoramento constante dos munic\u00edpios mineiros. S\u00e3o feitas atualiza\u00e7\u00f5es di\u00e1rias (dados epidemiol\u00f3gicos, leitos e ocupa\u00e7\u00e3o) e semanais (curvas de tend\u00eancia global e regional), que permitem analisar a situa\u00e7\u00e3o de cada macrorregi\u00e3o e os impactos de uma poss\u00edvel reabertura para o sistema de sa\u00fade local.<\/p>\n<p><strong>Onda amarela<\/strong><\/p>\n<p>Al\u00e9m da macroregi\u00e3o de Sa\u00fade\u00a0<a href=\"http:\/\/www.agenciaminas.mg.gov.br\/ckeditor_assets\/attachments\/8143\/08_-_regional_norte.pdf\" target=\"_blank\" rel=\"noopener noreferrer\">Norte<\/a>, que passou para a onda amarela do plano Minas Consciente, a regi\u00e3o\u00a0<a href=\"http:\/\/www.agenciaminas.mg.gov.br\/ckeditor_assets\/attachments\/8140\/05_-_regional_leste_do_sul.pdf\" target=\"_blank\" rel=\"noopener noreferrer\">Leste do Sul<\/a>\u00a0apresentou resultados favor\u00e1veis ap\u00f3s a ado\u00e7\u00e3o das medidas mais flex\u00edveis, permitindo, assim, a manuten\u00e7\u00e3o do funcionamento seguro de espa\u00e7os como lojas de variedades, lojas de departamentos ou magazines (exceto Duty Free), tabacarias, livrarias, papelarias e lojas de vestu\u00e1rio. A manuten\u00e7\u00e3o \u00e9 poss\u00edvel gra\u00e7as \u00e0s taxas controladas da doen\u00e7a nas regi\u00f5es e o \u00edndice seguro de ocupa\u00e7\u00e3o de leitos de UTI. Contudo, vale lembrar que os n\u00fameros s\u00e3o acompanhados diariamente e as recomenda\u00e7\u00f5es podem ser alteradas a qualquer momento, caso sejam identificados fatores que coloquem em risco a sa\u00fade da popula\u00e7\u00e3o.<\/p>\n<p>As empresas localizadas nas macrorregi\u00f5es que est\u00e3o na onda amarela dever\u00e3o seguir protocolos de seguran\u00e7a para a reativa\u00e7\u00e3o. Alguns deles s\u00e3o: demarcar com sinaliza\u00e7\u00e3o no lado externo do estabelecimento a dist\u00e2ncia de 2 metros entre as pessoas que ficarem nas filas; s\u00f3 permitir a entrada de clientes se estiverem utilizando m\u00e1scaras; dar atendimento preferencial e especial a idosos, hipertensos, diab\u00e9ticos e gestantes, garantindo um fluxo \u00e1gil de maneira que essas pessoas permane\u00e7am o m\u00ednimo de tempo poss\u00edvel no interior do estabelecimento; e limitar o n\u00famero de funcion\u00e1rios ao estritamente necess\u00e1rio para o funcionamento do servi\u00e7o. Todos os protocolos est\u00e3o dispon\u00edveis no site\u00a0<a href=\"http:\/\/www.mg.gov.br\/minasconsciente\/empresarios\" target=\"_blank\" rel=\"noopener noreferrer\">www.mg.gov.br\/minasconsciente\/empresarios<\/a>.<\/p>\n<p><strong>Onda branca<\/strong><\/p>\n<p>Ap\u00f3s voltar para a onda branca, a macrorregi\u00e3o Centro se junta \u00e0s macrorregi\u00f5es de Sa\u00fade\u00a0<a href=\"http:\/\/www.agenciaminas.mg.gov.br\/ckeditor_assets\/attachments\/8146\/11_-_regional_sul.pdf\" target=\"_blank\" rel=\"noopener noreferrer\">Sul<\/a>\u00a0e\u00a0<a href=\"http:\/\/www.agenciaminas.mg.gov.br\/ckeditor_assets\/attachments\/8137\/02_-_regional_centro_sul.pdf\" target=\"_blank\" rel=\"noopener noreferrer\">Centro-Sul<\/a>, que dever\u00e3o manter as medidas j\u00e1 adotadas nas \u00faltimas semanas.<\/p>\n<p>Vale lembrar que, para a reabertura segura, os comerciantes devem seguir os protocolos do plano Minas Consciente. Algumas das orienta\u00e7\u00f5es s\u00e3o que os estabelecimentos tenham meios para higieniza\u00e7\u00e3o das m\u00e3os com \u00e1gua e sab\u00e3o ou \u00e1lcool em gel 70%. Eles tamb\u00e9m devem fornecer Equipamentos de Prote\u00e7\u00e3o Individual adequados para a atividade exercida e providenciar barreira de prote\u00e7\u00e3o f\u00edsica quando os funcion\u00e1rios estiverem em contato com o cliente.<\/p>\n<p><strong>Onda verde<\/strong><\/p>\n<p>As regi\u00f5es\u00a0<a href=\"http:\/\/www.agenciaminas.mg.gov.br\/ckeditor_assets\/attachments\/8142\/07_-_regional_noroeste.pdf\" target=\"_blank\" rel=\"noopener noreferrer\">Noroeste<\/a>,\u00a0<a href=\"http:\/\/www.agenciaminas.mg.gov.br\/ckeditor_assets\/attachments\/8141\/06_-_regional_nordeste.pdf\" target=\"_blank\" rel=\"noopener noreferrer\">Nordeste<\/a>,\u00a0<a href=\"http:\/\/www.agenciaminas.mg.gov.br\/ckeditor_assets\/attachments\/8138\/03_-_regional_jequitinhonha.pdf\" target=\"_blank\" rel=\"noopener noreferrer\">Jequitinhonha<\/a>,\u00a0<a href=\"http:\/\/www.agenciaminas.mg.gov.br\/ckeditor_assets\/attachments\/8139\/04_-_regional_leste.pdf\" target=\"_blank\" rel=\"noopener noreferrer\">Leste<\/a>,\u00a0<a href=\"http:\/\/www.agenciaminas.mg.gov.br\/ckeditor_assets\/attachments\/8149\/14_-_regional_vale_do_aco.pdf\" target=\"_blank\" rel=\"noopener noreferrer\">Vale do A\u00e7o<\/a>,\u00a0<a href=\"http:\/\/www.agenciaminas.mg.gov.br\/ckeditor_assets\/attachments\/8145\/10_-_regional_sudeste.pdf\" target=\"_blank\" rel=\"noopener noreferrer\">Sudeste<\/a>,\u00a0<a href=\"http:\/\/www.agenciaminas.mg.gov.br\/ckeditor_assets\/attachments\/8144\/09_-_regional_oeste.pdf\" target=\"_blank\" rel=\"noopener noreferrer\">Oeste<\/a>,\u00a0<a href=\"http:\/\/www.agenciaminas.mg.gov.br\/ckeditor_assets\/attachments\/8148\/13_-_regional_triangulo_sul.pdf\" target=\"_blank\" rel=\"noopener noreferrer\">Tri\u00e2ngulo do Sul<\/a>\u00a0e\u00a0<a href=\"http:\/\/www.agenciaminas.mg.gov.br\/ckeditor_assets\/attachments\/8147\/12_-_regional_triangulo_norte.pdf\" target=\"_blank\" rel=\"noopener noreferrer\">Tri\u00e2ngulo do Norte<\/a>\u00a0ainda n\u00e3o apresentam \u00edndices favor\u00e1veis para a retomada de novos setores econ\u00f4micos, j\u00e1 que a rela\u00e7\u00e3o entre o n\u00famero de leitos e a incid\u00eancia de novos casos, al\u00e9m do tempo m\u00e9dio para interna\u00e7\u00e3o ap\u00f3s solicita\u00e7\u00e3o, n\u00e3o permitem uma folga confi\u00e1vel se o n\u00famero de casos crescer em decorr\u00eancia da reabertura de novos estabelecimentos.<\/p>\n<p>Por isso, a orienta\u00e7\u00e3o \u00e9 que os munic\u00edpios dessas regi\u00f5es continuem seguindo os protocolos previstos na onda verde, para preservar a popula\u00e7\u00e3o e a capacidade de atendimento do sistema de sa\u00fade local.<\/p>\n<p><strong>Fonte:<\/strong> Ag\u00eancia Minas<\/p>\n","protected":false},"excerpt":{"rendered":"<p>A macrorregi\u00e3o de Sa\u00fade\u00a0Centro, onde fica localizada a Regi\u00e3o Metropolitana de Belo Horizonte, vai retornar \u00e0 onda branca do plano Minas Consciente, criado pelo\u00a0Governo de Minas\u00a0para promover a retomada econ\u00f4mica gradual e coordenada nas cidades mineiras durante a pandemia do coronav\u00edrus. Com a mudan\u00e7a, as 101 cidades da regi\u00e3o est\u00e3o orientadas a manterem fechados estabelecimentos [&hellip;]<\/p>\n","protected":false},"author":96,"featured_media":162177,"comment_status":"closed","ping_status":"closed","sticky":false,"template":"","format":"standard","meta":{"footnotes":""},"categories":[436,440,254,439],"tags":[],"class_list":["post-162176","post","type-post","status-publish","format-standard","has-post-thumbnail","hentry","category-destaque-da-semana","category-destaques-do-dia","category-politica","category-ultima-hora"],"_links":{"self":[{"href":"https:\/\/diarioregionaldigital.com.br\/index.php?rest_route=\/wp\/v2\/posts\/162176","targetHints":{"allow":["GET"]}}],"collection":[{"href":"https:\/\/diarioregionaldigital.com.br\/index.php?rest_route=\/wp\/v2\/posts"}],"about":[{"href":"https:\/\/diarioregionaldigital.com.br\/index.php?rest_route=\/wp\/v2\/types\/post"}],"author":[{"embeddable":true,"href":"https:\/\/diarioregionaldigital.com.br\/index.php?rest_route=\/wp\/v2\/users\/96"}],"replies":[{"embeddable":true,"href":"https:\/\/diarioregionaldigital.com.br\/index.php?rest_route=%2Fwp%2Fv2%2Fcomments&post=162176"}],"version-history":[{"count":0,"href":"https:\/\/diarioregionaldigital.com.br\/index.php?rest_route=\/wp\/v2\/posts\/162176\/revisions"}],"wp:featuredmedia":[{"embeddable":true,"href":"https:\/\/diarioregionaldigital.com.br\/index.php?rest_route=\/wp\/v2\/media\/162177"}],"wp:attachment":[{"href":"https:\/\/diarioregionaldigital.com.br\/index.php?rest_route=%2Fwp%2Fv2%2Fmedia&parent=162176"}],"wp:term":[{"taxonomy":"category","embeddable":true,"href":"https:\/\/diarioregionaldigital.com.br\/index.php?rest_route=%2Fwp%2Fv2%2Fcategories&post=162176"},{"taxonomy":"post_tag","embeddable":true,"href":"https:\/\/diarioregionaldigital.com.br\/index.php?rest_route=%2Fwp%2Fv2%2Ftags&post=162176"}],"curies":[{"name":"wp","href":"https:\/\/api.w.org\/{rel}","templated":true}]}}