{"id":162173,"date":"2020-06-11T15:30:42","date_gmt":"2020-06-11T18:30:42","guid":{"rendered":"https:\/\/diarioregionaldigital.com.br\/?p=162173"},"modified":"2020-06-11T15:30:42","modified_gmt":"2020-06-11T18:30:42","slug":"estado-registra-mais-22-obitos-confirmados-por-coronavirus","status":"publish","type":"post","link":"https:\/\/diarioregionaldigital.com.br\/?p=162173","title":{"rendered":"Estado registra mais 22 \u00f3bitos confirmados por Coronav\u00edrus"},"content":{"rendered":"<p>O<a href=\"https:\/\/www.saude.mg.gov.br\/images\/noticias_e_eventos\/000_2020\/Boletins_Corona\/Boletim_Epidemiologico_COVID-19_11.06.2020.pdf\">\u00a0boletim epidemiol\u00f3gico<\/a> divulgado nesta quinta-feira (11) pela Secretaria de Estado da Sa\u00fade de Minas Gerais (SES-MG), indica aumento de 409 para 431 mortes por Coronav\u00edrus no estado. Segundo o levantamento, os casos confirmados aumentaram de 17.501 para 18.448.<\/p>\n<p>Segundo os dados atualizados, houve aumento 7.816 para 8.307 pacientes recuperados. Al\u00e9m disso, foram feitos 26.740 testes laboratoriais, sendo que 2.798 deram resultado positivo, 22.927 deram negativo para Coronav\u00edrus e 736 est\u00e3o sob an\u00e1lise.<\/p>\n<p>Segundo o boletim, dos 17.501 casos confirmados, 10.063 s\u00e3o do sexo masculino (56% dos casos) e 7.954 s\u00e3o do sexo feminino (44% dos casos). Quanto aos \u00f3bitos confirmados, 228 s\u00e3o do sexo masculino (52% dos casos) e 203 do feminino (48% dos casos).<\/p>\n<p>Os\u00a0dados atualizados\u00a0referentes a \u00f3bitos confirmados em Minas Gerais podem ser conferidos no anexo abaixo.<\/p>\n<p><a href=\"https:\/\/diarioregionaldigital.com.br\/wp-content\/uploads\/2020\/06\/OBITOS_CONF_COVID-19_MG_11.06.2020_3.xls\">OBITOS_CONF_COVID-19_MG_11.06.2020_3<\/a><\/p>\n","protected":false},"excerpt":{"rendered":"<p>O\u00a0boletim epidemiol\u00f3gico divulgado nesta quinta-feira (11) pela Secretaria de Estado da Sa\u00fade de Minas Gerais (SES-MG), indica aumento de 409 para 431 mortes por Coronav\u00edrus no estado. Segundo o levantamento, os casos confirmados aumentaram de 17.501 para 18.448. Segundo os dados atualizados, houve aumento 7.816 para 8.307 pacientes recuperados. Al\u00e9m disso, foram feitos 26.740 testes [&hellip;]<\/p>\n","protected":false},"author":96,"featured_media":159081,"comment_status":"closed","ping_status":"closed","sticky":false,"template":"","format":"standard","meta":{"footnotes":""},"categories":[436,440,252,439],"tags":[],"class_list":["post-162173","post","type-post","status-publish","format-standard","has-post-thumbnail","hentry","category-destaque-da-semana","category-destaques-do-dia","category-regiao","category-ultima-hora"],"_links":{"self":[{"href":"https:\/\/diarioregionaldigital.com.br\/index.php?rest_route=\/wp\/v2\/posts\/162173","targetHints":{"allow":["GET"]}}],"collection":[{"href":"https:\/\/diarioregionaldigital.com.br\/index.php?rest_route=\/wp\/v2\/posts"}],"about":[{"href":"https:\/\/diarioregionaldigital.com.br\/index.php?rest_route=\/wp\/v2\/types\/post"}],"author":[{"embeddable":true,"href":"https:\/\/diarioregionaldigital.com.br\/index.php?rest_route=\/wp\/v2\/users\/96"}],"replies":[{"embeddable":true,"href":"https:\/\/diarioregionaldigital.com.br\/index.php?rest_route=%2Fwp%2Fv2%2Fcomments&post=162173"}],"version-history":[{"count":0,"href":"https:\/\/diarioregionaldigital.com.br\/index.php?rest_route=\/wp\/v2\/posts\/162173\/revisions"}],"wp:featuredmedia":[{"embeddable":true,"href":"https:\/\/diarioregionaldigital.com.br\/index.php?rest_route=\/wp\/v2\/media\/159081"}],"wp:attachment":[{"href":"https:\/\/diarioregionaldigital.com.br\/index.php?rest_route=%2Fwp%2Fv2%2Fmedia&parent=162173"}],"wp:term":[{"taxonomy":"category","embeddable":true,"href":"https:\/\/diarioregionaldigital.com.br\/index.php?rest_route=%2Fwp%2Fv2%2Fcategories&post=162173"},{"taxonomy":"post_tag","embeddable":true,"href":"https:\/\/diarioregionaldigital.com.br\/index.php?rest_route=%2Fwp%2Fv2%2Ftags&post=162173"}],"curies":[{"name":"wp","href":"https:\/\/api.w.org\/{rel}","templated":true}]}}