{"id":162169,"date":"2020-06-11T03:15:57","date_gmt":"2020-06-11T06:15:57","guid":{"rendered":"https:\/\/diarioregionaldigital.com.br\/?p=162169"},"modified":"2020-06-11T03:15:57","modified_gmt":"2020-06-11T06:15:57","slug":"covid-19-brasil-registra-mais-32-913-casos-e-1-274-mortes","status":"publish","type":"post","link":"https:\/\/diarioregionaldigital.com.br\/?p=162169","title":{"rendered":"Covid-19: Brasil registra mais 32.913 casos e 1.274 mortes"},"content":{"rendered":"<p>O balan\u00e7o di\u00e1rio divulgado pelo Minist\u00e9rio da Sa\u00fade trouxe, nesta quarta-feira (10),\u00a0mais 32.913\u00a0pessoas infectadas pelo novo coronav\u00edrus, totalizando 772.416. O resultado marcou um acr\u00e9scimo de 4,2% em rela\u00e7\u00e3o a\u00a0ontem\u00a0(9), quando o n\u00famero de pessoas infectadas estava em 739.503.<img decoding=\"async\" src=\"https:\/\/agenciabrasil.ebc.com.br\/ebc.png?id=1309288&amp;o=node\" \/><\/p>\n<p>A atualiza\u00e7\u00e3o do Minist\u00e9rio da Sa\u00fade registrou 1.274 novas mortes, chegando a 39.680. O resultado representou um aumento de 3,2% em rela\u00e7\u00e3o a\u00a0ontem, quando foram contabilizados 38.406 falecimentos por covid-19.<\/p>\n<p>Do total de casos confirmados,\u00a0407.341 est\u00e3o em acompanhamento e 325.395 foram recuperados. H\u00e1 ainda\u00a03.608 investiga\u00e7\u00e3o de \u00f3bitos para identificar se a causa foi covid-19.<\/p>\n<p>S\u00e3o Paulo se mant\u00e9m como epicentro da pandemia no pa\u00eds, concentrando o maior n\u00famero de mortes (9.862). O estado \u00e9 seguido pelo Rio\u00a0de Janeiro\u00a0(7.138), Cear\u00e1 (4.480), Par\u00e1 (3.027) e Pernambuco (3.531).<\/p>\n<p>J\u00e1 em n\u00famero de casos confirmados, o\u00a0<em>ranking<\/em>\u00a0tem S\u00e3o Paulo (156.316), Rio\u00a0de Janeiro\u00a0(74.373), Cear\u00e1 (71.402), Par\u00e1 (62.095) e Maranh\u00e3o (53.508). Entre as unidades da federa\u00e7\u00e3o com mais pessoas infectadas est\u00e3o ainda Amazonas (52.849), Pernambuco (41.935), Bahia (32.685), Para\u00edba (24.032) e Esp\u00edrito Santo (23.344).<\/p>\n<p><strong>N\u00famero de mortos por covid-19 no Rio supera 7 mil<\/strong><\/p>\n<p>O n\u00famero de mortes por covid-19 no estado do Rio de Janeiro passou hoje de 7 mil, segundo o painel de monitoramento da Secretaria Estadual de Sa\u00fade. Com a confirma\u00e7\u00e3o de mais 210 \u00f3bitos, o n\u00famero acumulado chegou a 7.138 desde 19 de mar\u00e7o, quando foi registrada a primeira morte no estado.<\/p>\n<p><strong>Vacina brasileira contra a covid-19 ser\u00e1 testada in vivo pela Fiocruz<\/strong><\/p>\n<p>Uma vacina contra a covid-19 ser\u00e1 testada em seres vivos pela Funda\u00e7\u00e3o Oswaldo Cruz (Fiocruz), por meio do Instituto de Tecnologia em Imunobiol\u00f3gicos (Bio-Manguinhos). O teste ser\u00e1 em modelo animal, fase de desenvolvimento chamada de estudos pr\u00e9-cl\u00ednicos. A informa\u00e7\u00e3o foi divulgada em nota, nesta quarta-feira, pela Fiocruz.<\/p>\n<p>\u201cA abordagem do projeto \u00e9 de uma vacina sint\u00e9tica, com base em pept\u00eddeos antig\u00eanicos de c\u00e9lulas B e T\u00a0\u2013 ou seja, com pequenas partes de prote\u00ednas do v\u00edrus capazes de induzir a produ\u00e7\u00e3o de anticorpos espec\u00edficos para defender o organismo contra agentes desconhecidos \u2013 neste caso, o Sars-CoV-2 [covid-19]\u201d, explicou a Fiocruz.<\/p>\n<p><strong>Fonte:\u00a0<\/strong>Ag\u00eancia Brasil<\/p>\n","protected":false},"excerpt":{"rendered":"<p>O balan\u00e7o di\u00e1rio divulgado pelo Minist\u00e9rio da Sa\u00fade trouxe, nesta quarta-feira (10),\u00a0mais 32.913\u00a0pessoas infectadas pelo novo coronav\u00edrus, totalizando 772.416. O resultado marcou um acr\u00e9scimo de 4,2% em rela\u00e7\u00e3o a\u00a0ontem\u00a0(9), quando o n\u00famero de pessoas infectadas estava em 739.503. A atualiza\u00e7\u00e3o do Minist\u00e9rio da Sa\u00fade registrou 1.274 novas mortes, chegando a 39.680. O resultado representou um [&hellip;]<\/p>\n","protected":false},"author":96,"featured_media":162170,"comment_status":"closed","ping_status":"closed","sticky":false,"template":"","format":"standard","meta":{"footnotes":""},"categories":[302,436,440,439],"tags":[],"class_list":["post-162169","post","type-post","status-publish","format-standard","has-post-thumbnail","hentry","category-brasil-mundo","category-destaque-da-semana","category-destaques-do-dia","category-ultima-hora"],"_links":{"self":[{"href":"https:\/\/diarioregionaldigital.com.br\/index.php?rest_route=\/wp\/v2\/posts\/162169","targetHints":{"allow":["GET"]}}],"collection":[{"href":"https:\/\/diarioregionaldigital.com.br\/index.php?rest_route=\/wp\/v2\/posts"}],"about":[{"href":"https:\/\/diarioregionaldigital.com.br\/index.php?rest_route=\/wp\/v2\/types\/post"}],"author":[{"embeddable":true,"href":"https:\/\/diarioregionaldigital.com.br\/index.php?rest_route=\/wp\/v2\/users\/96"}],"replies":[{"embeddable":true,"href":"https:\/\/diarioregionaldigital.com.br\/index.php?rest_route=%2Fwp%2Fv2%2Fcomments&post=162169"}],"version-history":[{"count":0,"href":"https:\/\/diarioregionaldigital.com.br\/index.php?rest_route=\/wp\/v2\/posts\/162169\/revisions"}],"wp:featuredmedia":[{"embeddable":true,"href":"https:\/\/diarioregionaldigital.com.br\/index.php?rest_route=\/wp\/v2\/media\/162170"}],"wp:attachment":[{"href":"https:\/\/diarioregionaldigital.com.br\/index.php?rest_route=%2Fwp%2Fv2%2Fmedia&parent=162169"}],"wp:term":[{"taxonomy":"category","embeddable":true,"href":"https:\/\/diarioregionaldigital.com.br\/index.php?rest_route=%2Fwp%2Fv2%2Fcategories&post=162169"},{"taxonomy":"post_tag","embeddable":true,"href":"https:\/\/diarioregionaldigital.com.br\/index.php?rest_route=%2Fwp%2Fv2%2Ftags&post=162169"}],"curies":[{"name":"wp","href":"https:\/\/api.w.org\/{rel}","templated":true}]}}