{"id":162162,"date":"2020-06-11T06:00:26","date_gmt":"2020-06-11T09:00:26","guid":{"rendered":"https:\/\/diarioregionaldigital.com.br\/?p=162162"},"modified":"2020-06-10T21:35:12","modified_gmt":"2020-06-11T00:35:12","slug":"fique-em-casa","status":"publish","type":"post","link":"https:\/\/diarioregionaldigital.com.br\/?p=162162","title":{"rendered":"Fique em Casa"},"content":{"rendered":"<p style=\"text-align: center;\"><strong>Fique em Casa<\/strong><\/p>\n<p style=\"text-align: center;\">Junho chegou com novidade: a Coca-Cola j\u00e1 decidiu que o home office em seus escrit\u00f3rios foi estendido at\u00e9 31 de dezembro de 2020.<\/p>\n<p style=\"text-align: center;\"><strong>Central Nacional<\/strong><\/p>\n<p style=\"text-align: center;\">Com seu tarimbado talento e compet\u00eancia, o presidente da Unimed em Juiz de Fora Hugo Borges, por unanimidade em vota\u00e7\u00e3o secreta dos 17 l\u00edderes das maiores Unimeds do Brasil, foi eleito coordenador do Conselho de Administra\u00e7\u00e3o da Central Nacional. Unimed (CNU). Presidente da Unimed em Juiz de Fora, ele estar\u00e1 tamb\u00e9m ao lado do presidente da CNU, Alexandre Ruschi no comando da maior operadora do Sistema Unimed, at\u00e9 mar\u00e7o de 2021.<\/p>\n<p style=\"text-align: center;\"><strong>Sofrimento<\/strong><\/p>\n<p style=\"text-align: center;\">Um dos efeitos da quarentena \u00e9 o cancelamento de todas as visitas no sistema prisional em Juiz de Fora. Isso retira o \u00fanico canal de contato com a fam\u00edlia. Esse contato n\u00e3o possui somente efeitos emocionais, os familiares s\u00e3o canais de complemento de alimenta\u00e7\u00e3o, al\u00e9m de itens de higiene e limpeza. A ABAN est\u00e1 pronta \u00e0 ajudar depende da autoriza\u00e7\u00e3o das autoridades para levar os itens como sabonetes, absorventes \u00edntimos e desinfetantes.<\/p>\n<p style=\"text-align: center;\"><strong>Fashion<\/strong><\/p>\n<p style=\"text-align: center;\">Diante das mudan\u00e7as impostas pela pandemia estilistas repensam o futuro da moda, com valoriza\u00e7\u00e3o do produto local, consci\u00eancia socioambiental e at\u00e9 roupas que abra\u00e7am o corpo.<\/p>\n<p style=\"text-align: center;\"><span style=\"font-size: 14pt;\"><strong>Para Refletir<\/strong><\/span><\/p>\n<p style=\"text-align: center;\">A boa not\u00edcia que se espalha \u00e9 que iniciativas digitais surgem para ajudar quem precisa como grupos de WhatsApp, coletivos no Instagram e um total de 17 irmandades femininas. Criadas para transformar problemas em solu\u00e7\u00e3o, essas sacadas digitais tem feito toda a diferen\u00e7a na vida de quem segue \u00e0 risca o distanciamento social.<\/p>\n<div id=\"attachment_162149\" style=\"width: 690px\" class=\"wp-caption aligncenter\"><img loading=\"lazy\" decoding=\"async\" aria-describedby=\"caption-attachment-162149\" class=\"wp-image-162149\" src=\"https:\/\/diarioregionaldigital.com.br\/wp-content\/uploads\/2020\/06\/fotoaa-1-e1591835119360.jpg\" alt=\"\" width=\"680\" height=\"496\" srcset=\"https:\/\/diarioregionaldigital.com.br\/wp-content\/uploads\/2020\/06\/fotoaa-1-e1591835119360.jpg 1018w, https:\/\/diarioregionaldigital.com.br\/wp-content\/uploads\/2020\/06\/fotoaa-1-e1591835119360-300x219.jpg 300w, https:\/\/diarioregionaldigital.com.br\/wp-content\/uploads\/2020\/06\/fotoaa-1-e1591835119360-768x560.jpg 768w, https:\/\/diarioregionaldigital.com.br\/wp-content\/uploads\/2020\/06\/fotoaa-1-e1591835119360-360x262.jpg 360w\" sizes=\"auto, (max-width: 680px) 100vw, 680px\" \/><p id=\"caption-attachment-162149\" class=\"wp-caption-text\">Em ritmo de alto astral em Cotegipe, os amigos Vitor C\u00e9sar Fonseca, Adriano Bacelar, Ana Fl\u00e1via Lucinda \u00e9 Rose Oliveira<\/p><\/div>\n<div id=\"attachment_162148\" style=\"width: 690px\" class=\"wp-caption aligncenter\"><img loading=\"lazy\" decoding=\"async\" aria-describedby=\"caption-attachment-162148\" class=\"wp-image-162148\" src=\"https:\/\/diarioregionaldigital.com.br\/wp-content\/uploads\/2020\/06\/fotoa-5-e1591835094487.jpg\" alt=\"\" width=\"680\" height=\"516\" srcset=\"https:\/\/diarioregionaldigital.com.br\/wp-content\/uploads\/2020\/06\/fotoa-5-e1591835094487.jpg 1439w, https:\/\/diarioregionaldigital.com.br\/wp-content\/uploads\/2020\/06\/fotoa-5-e1591835094487-300x228.jpg 300w, https:\/\/diarioregionaldigital.com.br\/wp-content\/uploads\/2020\/06\/fotoa-5-e1591835094487-1024x777.jpg 1024w, https:\/\/diarioregionaldigital.com.br\/wp-content\/uploads\/2020\/06\/fotoa-5-e1591835094487-768x583.jpg 768w, https:\/\/diarioregionaldigital.com.br\/wp-content\/uploads\/2020\/06\/fotoa-5-e1591835094487-360x273.jpg 360w\" sizes=\"auto, (max-width: 680px) 100vw, 680px\" \/><p id=\"caption-attachment-162148\" class=\"wp-caption-text\">Aniversariante de destaque da temporada social, a bela advogada Sarah Penido<\/p><\/div>\n<div id=\"attachment_162150\" style=\"width: 690px\" class=\"wp-caption aligncenter\"><img loading=\"lazy\" decoding=\"async\" aria-describedby=\"caption-attachment-162150\" class=\"wp-image-162150\" src=\"https:\/\/diarioregionaldigital.com.br\/wp-content\/uploads\/2020\/06\/fotob-6-e1591835144512.jpg\" alt=\"\" width=\"680\" height=\"499\" srcset=\"https:\/\/diarioregionaldigital.com.br\/wp-content\/uploads\/2020\/06\/fotob-6-e1591835144512.jpg 1079w, https:\/\/diarioregionaldigital.com.br\/wp-content\/uploads\/2020\/06\/fotob-6-e1591835144512-300x220.jpg 300w, https:\/\/diarioregionaldigital.com.br\/wp-content\/uploads\/2020\/06\/fotob-6-e1591835144512-1024x752.jpg 1024w, https:\/\/diarioregionaldigital.com.br\/wp-content\/uploads\/2020\/06\/fotob-6-e1591835144512-768x564.jpg 768w, https:\/\/diarioregionaldigital.com.br\/wp-content\/uploads\/2020\/06\/fotob-6-e1591835144512-360x264.jpg 360w\" sizes=\"auto, (max-width: 680px) 100vw, 680px\" \/><p id=\"caption-attachment-162150\" class=\"wp-caption-text\">Um close especial na eterna e bela Stella Caldas<\/p><\/div>\n<div id=\"attachment_162151\" style=\"width: 690px\" class=\"wp-caption aligncenter\"><img loading=\"lazy\" decoding=\"async\" aria-describedby=\"caption-attachment-162151\" class=\"wp-image-162151\" src=\"https:\/\/diarioregionaldigital.com.br\/wp-content\/uploads\/2020\/06\/fotoc-5-e1591835170208.jpg\" alt=\"\" width=\"680\" height=\"483\" srcset=\"https:\/\/diarioregionaldigital.com.br\/wp-content\/uploads\/2020\/06\/fotoc-5-e1591835170208.jpg 1319w, https:\/\/diarioregionaldigital.com.br\/wp-content\/uploads\/2020\/06\/fotoc-5-e1591835170208-300x213.jpg 300w, https:\/\/diarioregionaldigital.com.br\/wp-content\/uploads\/2020\/06\/fotoc-5-e1591835170208-1024x727.jpg 1024w, https:\/\/diarioregionaldigital.com.br\/wp-content\/uploads\/2020\/06\/fotoc-5-e1591835170208-768x546.jpg 768w, https:\/\/diarioregionaldigital.com.br\/wp-content\/uploads\/2020\/06\/fotoc-5-e1591835170208-360x256.jpg 360w, https:\/\/diarioregionaldigital.com.br\/wp-content\/uploads\/2020\/06\/fotoc-5-e1591835170208-100x70.jpg 100w\" sizes=\"auto, (max-width: 680px) 100vw, 680px\" \/><p id=\"caption-attachment-162151\" class=\"wp-caption-text\">Fazendo sucesso na Europa o top Dj juiz-forano Matheus Zulato<\/p><\/div>\n<div id=\"attachment_162152\" style=\"width: 690px\" class=\"wp-caption aligncenter\"><img loading=\"lazy\" decoding=\"async\" aria-describedby=\"caption-attachment-162152\" class=\"wp-image-162152\" src=\"https:\/\/diarioregionaldigital.com.br\/wp-content\/uploads\/2020\/06\/fotod-5-e1591835196731.jpg\" alt=\"\" width=\"680\" height=\"488\" srcset=\"https:\/\/diarioregionaldigital.com.br\/wp-content\/uploads\/2020\/06\/fotod-5-e1591835196731.jpg 866w, https:\/\/diarioregionaldigital.com.br\/wp-content\/uploads\/2020\/06\/fotod-5-e1591835196731-300x215.jpg 300w, https:\/\/diarioregionaldigital.com.br\/wp-content\/uploads\/2020\/06\/fotod-5-e1591835196731-768x551.jpg 768w, https:\/\/diarioregionaldigital.com.br\/wp-content\/uploads\/2020\/06\/fotod-5-e1591835196731-360x258.jpg 360w\" sizes=\"auto, (max-width: 680px) 100vw, 680px\" \/><p id=\"caption-attachment-162152\" class=\"wp-caption-text\">Autoridades da OAB, o presidente Jo\u00e3o Louren\u00e7o e a elegante Dra Anna Ede<\/p><\/div>\n<div id=\"attachment_162153\" style=\"width: 690px\" class=\"wp-caption aligncenter\"><img loading=\"lazy\" decoding=\"async\" aria-describedby=\"caption-attachment-162153\" class=\"wp-image-162153\" src=\"https:\/\/diarioregionaldigital.com.br\/wp-content\/uploads\/2020\/06\/fotoe-7-e1591835224424.jpg\" alt=\"\" width=\"680\" height=\"506\" srcset=\"https:\/\/diarioregionaldigital.com.br\/wp-content\/uploads\/2020\/06\/fotoe-7-e1591835224424.jpg 1349w, https:\/\/diarioregionaldigital.com.br\/wp-content\/uploads\/2020\/06\/fotoe-7-e1591835224424-300x223.jpg 300w, https:\/\/diarioregionaldigital.com.br\/wp-content\/uploads\/2020\/06\/fotoe-7-e1591835224424-1024x762.jpg 1024w, https:\/\/diarioregionaldigital.com.br\/wp-content\/uploads\/2020\/06\/fotoe-7-e1591835224424-768x572.jpg 768w, https:\/\/diarioregionaldigital.com.br\/wp-content\/uploads\/2020\/06\/fotoe-7-e1591835224424-360x268.jpg 360w\" sizes=\"auto, (max-width: 680px) 100vw, 680px\" \/><p id=\"caption-attachment-162153\" class=\"wp-caption-text\">Homens de atitude: Leonardo e Dr. Rodrigo Capobiango<\/p><\/div>\n<div id=\"attachment_162154\" style=\"width: 690px\" class=\"wp-caption aligncenter\"><img loading=\"lazy\" decoding=\"async\" aria-describedby=\"caption-attachment-162154\" class=\"wp-image-162154\" src=\"https:\/\/diarioregionaldigital.com.br\/wp-content\/uploads\/2020\/06\/fotof-7-e1591835251815.jpg\" alt=\"\" width=\"680\" height=\"499\" srcset=\"https:\/\/diarioregionaldigital.com.br\/wp-content\/uploads\/2020\/06\/fotof-7-e1591835251815.jpg 928w, https:\/\/diarioregionaldigital.com.br\/wp-content\/uploads\/2020\/06\/fotof-7-e1591835251815-300x220.jpg 300w, https:\/\/diarioregionaldigital.com.br\/wp-content\/uploads\/2020\/06\/fotof-7-e1591835251815-768x564.jpg 768w, https:\/\/diarioregionaldigital.com.br\/wp-content\/uploads\/2020\/06\/fotof-7-e1591835251815-360x264.jpg 360w\" sizes=\"auto, (max-width: 680px) 100vw, 680px\" \/><p id=\"caption-attachment-162154\" class=\"wp-caption-text\">Gente que acontece: Adriana Zandonade e o fot\u00f3grafo \u00c2ngelo Savastano<\/p><\/div>\n<div id=\"attachment_162155\" style=\"width: 690px\" class=\"wp-caption aligncenter\"><img loading=\"lazy\" decoding=\"async\" aria-describedby=\"caption-attachment-162155\" class=\"wp-image-162155\" src=\"https:\/\/diarioregionaldigital.com.br\/wp-content\/uploads\/2020\/06\/fotog-7-e1591835276387.jpg\" alt=\"\" width=\"680\" height=\"502\" srcset=\"https:\/\/diarioregionaldigital.com.br\/wp-content\/uploads\/2020\/06\/fotog-7-e1591835276387.jpg 1385w, https:\/\/diarioregionaldigital.com.br\/wp-content\/uploads\/2020\/06\/fotog-7-e1591835276387-300x221.jpg 300w, https:\/\/diarioregionaldigital.com.br\/wp-content\/uploads\/2020\/06\/fotog-7-e1591835276387-1024x756.jpg 1024w, https:\/\/diarioregionaldigital.com.br\/wp-content\/uploads\/2020\/06\/fotog-7-e1591835276387-768x567.jpg 768w, https:\/\/diarioregionaldigital.com.br\/wp-content\/uploads\/2020\/06\/fotog-7-e1591835276387-360x266.jpg 360w\" sizes=\"auto, (max-width: 680px) 100vw, 680px\" \/><p id=\"caption-attachment-162155\" class=\"wp-caption-text\">Juntos, os mais queridos do peda\u00e7o: Ant\u00f4nio Elias Campos e o filho m\u00fasico Gabriel Elias Campos<\/p><\/div>\n<div id=\"attachment_162157\" style=\"width: 690px\" class=\"wp-caption aligncenter\"><img loading=\"lazy\" decoding=\"async\" aria-describedby=\"caption-attachment-162157\" class=\"wp-image-162157\" src=\"https:\/\/diarioregionaldigital.com.br\/wp-content\/uploads\/2020\/06\/fotoi-6-e1591835326550.jpg\" alt=\"\" width=\"680\" height=\"533\" srcset=\"https:\/\/diarioregionaldigital.com.br\/wp-content\/uploads\/2020\/06\/fotoi-6-e1591835326550.jpg 746w, https:\/\/diarioregionaldigital.com.br\/wp-content\/uploads\/2020\/06\/fotoi-6-e1591835326550-300x235.jpg 300w, https:\/\/diarioregionaldigital.com.br\/wp-content\/uploads\/2020\/06\/fotoi-6-e1591835326550-360x282.jpg 360w\" sizes=\"auto, (max-width: 680px) 100vw, 680px\" \/><p id=\"caption-attachment-162157\" class=\"wp-caption-text\">A eterna elegante desta coluna Wanda Magnolo<\/p><\/div>\n<div id=\"attachment_162156\" style=\"width: 690px\" class=\"wp-caption aligncenter\"><img loading=\"lazy\" decoding=\"async\" aria-describedby=\"caption-attachment-162156\" class=\"wp-image-162156\" src=\"https:\/\/diarioregionaldigital.com.br\/wp-content\/uploads\/2020\/06\/fotoh-7.jpg\" alt=\"\" width=\"680\" height=\"499\" srcset=\"https:\/\/diarioregionaldigital.com.br\/wp-content\/uploads\/2020\/06\/fotoh-7.jpg 720w, https:\/\/diarioregionaldigital.com.br\/wp-content\/uploads\/2020\/06\/fotoh-7-300x220.jpg 300w, https:\/\/diarioregionaldigital.com.br\/wp-content\/uploads\/2020\/06\/fotoh-7-360x264.jpg 360w\" sizes=\"auto, (max-width: 680px) 100vw, 680px\" \/><p id=\"caption-attachment-162156\" class=\"wp-caption-text\">Nos bons tempos do Restaurante Futrica: Rondinely Vieira e a super Ercilia Vieira<\/p><\/div>\n<div id=\"attachment_162158\" style=\"width: 690px\" class=\"wp-caption aligncenter\"><img loading=\"lazy\" decoding=\"async\" aria-describedby=\"caption-attachment-162158\" class=\"wp-image-162158\" src=\"https:\/\/diarioregionaldigital.com.br\/wp-content\/uploads\/2020\/06\/fotoj-2-e1591835348738.jpg\" alt=\"\" width=\"680\" height=\"498\" srcset=\"https:\/\/diarioregionaldigital.com.br\/wp-content\/uploads\/2020\/06\/fotoj-2-e1591835348738.jpg 2007w, https:\/\/diarioregionaldigital.com.br\/wp-content\/uploads\/2020\/06\/fotoj-2-e1591835348738-300x220.jpg 300w, https:\/\/diarioregionaldigital.com.br\/wp-content\/uploads\/2020\/06\/fotoj-2-e1591835348738-1024x750.jpg 1024w, https:\/\/diarioregionaldigital.com.br\/wp-content\/uploads\/2020\/06\/fotoj-2-e1591835348738-768x562.jpg 768w, https:\/\/diarioregionaldigital.com.br\/wp-content\/uploads\/2020\/06\/fotoj-2-e1591835348738-1536x1124.jpg 1536w, https:\/\/diarioregionaldigital.com.br\/wp-content\/uploads\/2020\/06\/fotoj-2-e1591835348738-360x263.jpg 360w\" sizes=\"auto, (max-width: 680px) 100vw, 680px\" \/><p id=\"caption-attachment-162158\" class=\"wp-caption-text\">Curtindo o sol de outono, Heleno Almeida e o filho Arthur Ramos Gomes Almeida<\/p><\/div>\n<p style=\"text-align: center;\"><strong>FOTOSS\u00cdNTESE<\/strong><\/p>\n<p>Com suas m\u00e3os de fada Rose Tortoriello faz sucesso com seus docinhos finos para o Dia dos Namorados. As caixas artesanais vem com 49 ou 20 docinhos. Encomendas: 988325595.<\/p>\n<p>Voc\u00ea sabia? Mesmo que a cidade tenha aderido ao programa Minas Consciente, o prefeito Ant\u00f4nio Almas tem autonomia de fazer as adapta\u00e7\u00f5es necess\u00e1rias.<\/p>\n<p>Conjugando talento e criatividade no tempero, os chefs Fernando Martins e Gabriel Firjam prepararam uma costela de fogo de ch\u00e3o e mexilh\u00f5es caramelizados na cerveja durante uma live gravada no Beer Garden.<\/p>\n<p>Seguindo todas as normas de seguran\u00e7a, Beth Urgal vai retornando aos poucos com as atividades do Restaurante Card\u00e1pio Mineiro no Espa\u00e7o Mascarenhas.<\/p>\n<p>Ponto sofisticado da cidade, a Assunta reabriu com novos protocolos de higiene, or\u00e7amentos saud\u00e1veis, espa\u00e7amento entre as mesas, tapetes sanit\u00e1rios, \u00e1lcool em gel 70%, m\u00e1scaras descart\u00e1veis (com recipiente para descarte) e hor\u00e1rio diferenciado de 12h \u00e0s 19h.<\/p>\n<p>Alessandra Ribeiro est\u00e1 recebendo muitos elogios com seu Tarhib especialista em p\u00e3es artesanais e pratos da cozinha \u00e1rabe.<\/p>\n<p>Dignas de elogios, as volunt\u00e1rias do Ambulat\u00f3rio da Gl\u00f3ria doaram centenas de m\u00e1scaras para a Funda\u00e7\u00e3o Maria M\u00e3e e a Casa da Passagem.<\/p>\n<p>Com toque sutis, o m\u00e9dico-psiquiatra Helio F\u00e1del \u00e9 um jovem de sucesso. Al\u00e9m de autor de livros sobre a psiquiatria no esporte, ele acompanhou o Tupi nas \u00faltimas temporadas.<\/p>\n<p>Recado da Santa Casa de Juiz de Fora: \u201cSe um funcion\u00e1rio fala que est\u00e1 com febre e a equipe inteira tem calafrios j\u00e1 est\u00e1 passando da hora de fazer um plano de sa\u00fade Plasc\u201d<\/p>\n<p>Pensando: \u201cN\u00e3o h\u00e1 borboletas se a vida n\u00e3o passar por longas e silenciosas metamorfoses\u201d. (Rubens Alves) Bom dia.<\/p>\n<p><img loading=\"lazy\" decoding=\"async\" class=\"aligncenter size-full wp-image-162163\" src=\"https:\/\/diarioregionaldigital.com.br\/wp-content\/uploads\/2020\/06\/anuncio36-scaled.jpg\" alt=\"\" width=\"2560\" height=\"970\" srcset=\"https:\/\/diarioregionaldigital.com.br\/wp-content\/uploads\/2020\/06\/anuncio36-scaled.jpg 2560w, https:\/\/diarioregionaldigital.com.br\/wp-content\/uploads\/2020\/06\/anuncio36-300x114.jpg 300w, https:\/\/diarioregionaldigital.com.br\/wp-content\/uploads\/2020\/06\/anuncio36-1024x388.jpg 1024w, https:\/\/diarioregionaldigital.com.br\/wp-content\/uploads\/2020\/06\/anuncio36-768x291.jpg 768w, https:\/\/diarioregionaldigital.com.br\/wp-content\/uploads\/2020\/06\/anuncio36-1536x582.jpg 1536w, https:\/\/diarioregionaldigital.com.br\/wp-content\/uploads\/2020\/06\/anuncio36-2048x776.jpg 2048w, https:\/\/diarioregionaldigital.com.br\/wp-content\/uploads\/2020\/06\/anuncio36-360x136.jpg 360w\" sizes=\"auto, (max-width: 2560px) 100vw, 2560px\" \/><\/p>\n","protected":false},"excerpt":{"rendered":"<p>Fique em Casa Junho chegou com novidade: a Coca-Cola j\u00e1 decidiu que o home office em seus escrit\u00f3rios foi estendido at\u00e9 31 de dezembro de 2020. Central Nacional Com seu tarimbado talento e compet\u00eancia, o presidente da Unimed em Juiz de Fora Hugo Borges, por unanimidade em vota\u00e7\u00e3o secreta dos 17 l\u00edderes das maiores Unimeds [&hellip;]<\/p>\n","protected":false},"author":96,"featured_media":162149,"comment_status":"closed","ping_status":"closed","sticky":false,"template":"","format":"standard","meta":{"footnotes":""},"categories":[264],"tags":[],"class_list":["post-162162","post","type-post","status-publish","format-standard","has-post-thumbnail","hentry","category-eduardo-gomes"],"_links":{"self":[{"href":"https:\/\/diarioregionaldigital.com.br\/index.php?rest_route=\/wp\/v2\/posts\/162162","targetHints":{"allow":["GET"]}}],"collection":[{"href":"https:\/\/diarioregionaldigital.com.br\/index.php?rest_route=\/wp\/v2\/posts"}],"about":[{"href":"https:\/\/diarioregionaldigital.com.br\/index.php?rest_route=\/wp\/v2\/types\/post"}],"author":[{"embeddable":true,"href":"https:\/\/diarioregionaldigital.com.br\/index.php?rest_route=\/wp\/v2\/users\/96"}],"replies":[{"embeddable":true,"href":"https:\/\/diarioregionaldigital.com.br\/index.php?rest_route=%2Fwp%2Fv2%2Fcomments&post=162162"}],"version-history":[{"count":0,"href":"https:\/\/diarioregionaldigital.com.br\/index.php?rest_route=\/wp\/v2\/posts\/162162\/revisions"}],"wp:featuredmedia":[{"embeddable":true,"href":"https:\/\/diarioregionaldigital.com.br\/index.php?rest_route=\/wp\/v2\/media\/162149"}],"wp:attachment":[{"href":"https:\/\/diarioregionaldigital.com.br\/index.php?rest_route=%2Fwp%2Fv2%2Fmedia&parent=162162"}],"wp:term":[{"taxonomy":"category","embeddable":true,"href":"https:\/\/diarioregionaldigital.com.br\/index.php?rest_route=%2Fwp%2Fv2%2Fcategories&post=162162"},{"taxonomy":"post_tag","embeddable":true,"href":"https:\/\/diarioregionaldigital.com.br\/index.php?rest_route=%2Fwp%2Fv2%2Ftags&post=162162"}],"curies":[{"name":"wp","href":"https:\/\/api.w.org\/{rel}","templated":true}]}}